{"id":50442,"date":"2026-09-05T13:30:24","date_gmt":"2026-09-05T13:30:24","guid":{"rendered":"http:\/\/vocesver.com\/noticias\/?p=50442"},"modified":"2026-09-05T13:33:09","modified_gmt":"2026-09-05T13:33:09","slug":"brindara-profeco-atencion-a-la-ciudadania-en-el-dia-del-pueblo-del-ayuntamiento-de-veracruz","status":"publish","type":"post","link":"http:\/\/vocesver.com\/noticias\/brindara-profeco-atencion-a-la-ciudadania-en-el-dia-del-pueblo-del-ayuntamiento-de-veracruz\/","title":{"rendered":"*Brindar\u00e1 PROFECO atenci\u00f3n a la ciudadan\u00eda en el D\u00eda del Pueblo del Ayuntamiento de Veracruz*"},"content":{"rendered":"\n<p class=\"wp-block-paragraph\">*Brindar\u00e1 PROFECO atenci\u00f3n a la ciudadan\u00eda en el D\u00eda del Pueblo del Ayuntamiento de Veracruz*<\/p>\n\n\n\n<p class=\"wp-block-paragraph\">Ausencio Rivera \/Vocesver. com\/noticias<\/p>\n\n\n\n<p class=\"wp-block-paragraph\">Veracruz, Ver. A 04 de Septiembre 2026..&nbsp;<\/p>\n\n\n\n<p class=\"wp-block-paragraph\">Como parte de las acciones emprendidas por la alcaldesa de Veracruz, Rosa Mar\u00eda Hern\u00e1ndez Espejo, para acercar servicios y atenci\u00f3n a la ciudadan\u00eda, el pr\u00f3ximo D\u00eda del Pueblo contar\u00e1 con la participaci\u00f3n de la Procuradur\u00eda Federal del Consumidor (PROFECO), el 7 de septiembre, de 16:00 a 18:00 horas.<\/p>\n\n\n\n<p class=\"wp-block-paragraph\">Durante esta jornada, personal de PROFECO brindar\u00e1 orientaci\u00f3n sobre los derechos de las y los consumidores, pr\u00e1cticas comerciales irregulares y los mecanismos disponibles para solicitar asesor\u00eda o presentar quejas. Esta atenci\u00f3n se ofrecer\u00e1 de manera permanente el primer lunes de cada mes en el Palacio Municipal.<\/p>\n\n\n\n<p class=\"wp-block-paragraph\">A trav\u00e9s de la direcci\u00f3n de Atenci\u00f3n y Participaci\u00f3n Ciudadana, el Ayuntamiento de Veracruz continuar\u00e1 impulsando acciones que acerquen servicios y asistencia a la poblaci\u00f3n.<\/p>\n\n\n\n<p class=\"wp-block-paragraph\"><\/p>\n","protected":false},"excerpt":{"rendered":"<p>*Brindar\u00e1 PROFECO atenci\u00f3n a la ciudadan\u00eda en el D\u00eda del Pueblo del Ayuntamiento de Veracruz* Ausencio Rivera \/Vocesver. com\/noticias Veracruz,<\/p>\n","protected":false},"author":2,"featured_media":50443,"comment_status":"open","ping_status":"open","sticky":false,"template":"","format":"standard","meta":{"colormag_page_container_layout":"default_layout","colormag_page_sidebar_layout":"default_layout","footnotes":""},"categories":[2],"tags":[],"class_list":["post-50442","post","type-post","status-publish","format-standard","has-post-thumbnail","hentry","category-infogral"],"_links":{"self":[{"href":"http:\/\/vocesver.com\/noticias\/wp-json\/wp\/v2\/posts\/50442","targetHints":{"allow":["GET"]}}],"collection":[{"href":"http:\/\/vocesver.com\/noticias\/wp-json\/wp\/v2\/posts"}],"about":[{"href":"http:\/\/vocesver.com\/noticias\/wp-json\/wp\/v2\/types\/post"}],"author":[{"embeddable":true,"href":"http:\/\/vocesver.com\/noticias\/wp-json\/wp\/v2\/users\/2"}],"replies":[{"embeddable":true,"href":"http:\/\/vocesver.com\/noticias\/wp-json\/wp\/v2\/comments?post=50442"}],"version-history":[{"count":2,"href":"http:\/\/vocesver.com\/noticias\/wp-json\/wp\/v2\/posts\/50442\/revisions"}],"predecessor-version":[{"id":50446,"href":"http:\/\/vocesver.com\/noticias\/wp-json\/wp\/v2\/posts\/50442\/revisions\/50446"}],"wp:featuredmedia":[{"embeddable":true,"href":"http:\/\/vocesver.com\/noticias\/wp-json\/wp\/v2\/media\/50443"}],"wp:attachment":[{"href":"http:\/\/vocesver.com\/noticias\/wp-json\/wp\/v2\/media?parent=50442"}],"wp:term":[{"taxonomy":"category","embeddable":true,"href":"http:\/\/vocesver.com\/noticias\/wp-json\/wp\/v2\/categories?post=50442"},{"taxonomy":"post_tag","embeddable":true,"href":"http:\/\/vocesver.com\/noticias\/wp-json\/wp\/v2\/tags?post=50442"}],"curies":[{"name":"wp","href":"https:\/\/api.w.org\/{rel}","templated":true}]}}