{"id":50438,"date":"2026-09-05T13:18:14","date_gmt":"2026-09-05T13:18:14","guid":{"rendered":"http:\/\/vocesver.com\/noticias\/?p=50438"},"modified":"2026-09-05T13:20:25","modified_gmt":"2026-09-05T13:20:25","slug":"refrenda-rosa-maria-compromiso-con-el-deporte-tras-historica-actuacion-de-esgrimistas-de-la-ciudad-de-veracruz","status":"publish","type":"post","link":"http:\/\/vocesver.com\/noticias\/refrenda-rosa-maria-compromiso-con-el-deporte-tras-historica-actuacion-de-esgrimistas-de-la-ciudad-de-veracruz\/","title":{"rendered":"*Refrenda Rosa Mar\u00eda compromiso con el deporte tras hist\u00f3rica actuaci\u00f3n de esgrimistas de la ciudad de Veracruz*"},"content":{"rendered":"\n<p class=\"wp-block-paragraph\"><\/p>\n\n\n\n<p class=\"wp-block-paragraph\">***Con el respaldo de la alcaldesa la delegaci\u00f3n municipal conquist\u00f3 tres oros y una plata en Guadalajara, impulsando al estado a subir por primera vez al podio nacional por equipos.<\/p>\n\n\n\n<p class=\"wp-block-paragraph\">Ausencio Rivera\/Vocesver. com\/noticias<\/p>\n\n\n\n<p class=\"wp-block-paragraph\">Veracruz, Ver. A 03 de Septiembre 2026..&nbsp;<\/p>\n\n\n\n<p class=\"wp-block-paragraph\">La alcaldesa de Veracruz Rosa Mar\u00eda Hern\u00e1ndez Espejo refrend\u00f3 su compromiso con el impulso al deporte local al celebrar el esfuerzo de las y los atletas de la delegaci\u00f3n municipal durante el Campeonato Nacional de Esgrima 2026 en Guadalajara, donde obtuvieron tres medallas de oro y una de plata.<\/p>\n\n\n\n<p class=\"wp-block-paragraph\">Esta destacada actuaci\u00f3n de la representaci\u00f3n de la ciudad result\u00f3 fundamental para que el Estado de Veracruz hiciera historia al subirse por primera vez al podio nacional por equipos en la tercera posici\u00f3n general, alcanzando un c\u00f3mputo total de once preseas a lo largo de todo el certamen.<\/p>\n\n\n\n<p class=\"wp-block-paragraph\">En el c\u00f3mputo global los deportistas porte\u00f1os tuvieron un papel protag\u00f3nico dentro de la competencia al aportar de manera directa el sesenta por ciento de los metales dorados obtenidos por la entidad veracruzana, demostrando de esta forma su excelente nivel t\u00e9cnico y competitivo en cada una de sus jornadas.<\/p>\n\n\n\n<p class=\"wp-block-paragraph\">Las y los atletas porte\u00f1os que lograron subir al podio de triunfadores son:<\/p>\n\n\n\n<p class=\"wp-block-paragraph\">&nbsp;Nathalia Ortiz &#8211; Oro en Espada Femenil (Infantil A)<\/p>\n\n\n\n<p class=\"wp-block-paragraph\">&nbsp;Santiago Ortiz &#8211; Oro en Florete Varonil (Infantil B)<\/p>\n\n\n\n<p class=\"wp-block-paragraph\">&nbsp;Mar\u00eda Fernanda Hern\u00e1ndez &#8211; Oro en Florete Femenil (Infantil B)<\/p>\n\n\n\n<p class=\"wp-block-paragraph\">&nbsp;Alfonso del Cueto &#8211; Plata en Florete Varonil (Infantil A)<\/p>\n\n\n\n<p class=\"wp-block-paragraph\">Este hist\u00f3rico resultado refleja la dedicaci\u00f3n de las y los j\u00f3venes deportistas, junto con su entrenador Leandro Ramos Ramos, respaldados por el gobierno municipal, que seguir\u00e1 impulsando el deporte y acompa\u00f1ando a las nuevas generaciones en el camino hacia sus metas.<\/p>\n","protected":false},"excerpt":{"rendered":"<p>***Con el respaldo de la alcaldesa la delegaci\u00f3n municipal conquist\u00f3 tres oros y una plata en Guadalajara, impulsando al estado<\/p>\n","protected":false},"author":2,"featured_media":50439,"comment_status":"open","ping_status":"open","sticky":false,"template":"","format":"standard","meta":{"colormag_page_container_layout":"default_layout","colormag_page_sidebar_layout":"default_layout","footnotes":""},"categories":[2],"tags":[],"class_list":["post-50438","post","type-post","status-publish","format-standard","has-post-thumbnail","hentry","category-infogral"],"_links":{"self":[{"href":"http:\/\/vocesver.com\/noticias\/wp-json\/wp\/v2\/posts\/50438","targetHints":{"allow":["GET"]}}],"collection":[{"href":"http:\/\/vocesver.com\/noticias\/wp-json\/wp\/v2\/posts"}],"about":[{"href":"http:\/\/vocesver.com\/noticias\/wp-json\/wp\/v2\/types\/post"}],"author":[{"embeddable":true,"href":"http:\/\/vocesver.com\/noticias\/wp-json\/wp\/v2\/users\/2"}],"replies":[{"embeddable":true,"href":"http:\/\/vocesver.com\/noticias\/wp-json\/wp\/v2\/comments?post=50438"}],"version-history":[{"count":2,"href":"http:\/\/vocesver.com\/noticias\/wp-json\/wp\/v2\/posts\/50438\/revisions"}],"predecessor-version":[{"id":50441,"href":"http:\/\/vocesver.com\/noticias\/wp-json\/wp\/v2\/posts\/50438\/revisions\/50441"}],"wp:featuredmedia":[{"embeddable":true,"href":"http:\/\/vocesver.com\/noticias\/wp-json\/wp\/v2\/media\/50439"}],"wp:attachment":[{"href":"http:\/\/vocesver.com\/noticias\/wp-json\/wp\/v2\/media?parent=50438"}],"wp:term":[{"taxonomy":"category","embeddable":true,"href":"http:\/\/vocesver.com\/noticias\/wp-json\/wp\/v2\/categories?post=50438"},{"taxonomy":"post_tag","embeddable":true,"href":"http:\/\/vocesver.com\/noticias\/wp-json\/wp\/v2\/tags?post=50438"}],"curies":[{"name":"wp","href":"https:\/\/api.w.org\/{rel}","templated":true}]}}