{"id":50429,"date":"2026-09-02T23:51:38","date_gmt":"2026-09-02T23:51:38","guid":{"rendered":"http:\/\/vocesver.com\/noticias\/?p=50429"},"modified":"2026-09-02T23:52:17","modified_gmt":"2026-09-02T23:52:17","slug":"abre-ayuntamiento-de-veracruz-convocatoria-para-integrar-la-corte-real-del-carnaval-2027","status":"publish","type":"post","link":"http:\/\/vocesver.com\/noticias\/abre-ayuntamiento-de-veracruz-convocatoria-para-integrar-la-corte-real-del-carnaval-2027\/","title":{"rendered":"*Abre Ayuntamiento de Veracruz convocatoria para integrar la Corte Real del Carnaval 2027*"},"content":{"rendered":"\n<p class=\"wp-block-paragraph\"><\/p>\n\n\n\n<p class=\"wp-block-paragraph\">***Con el impulso de la alcaldesa Rosa Mar\u00eda Hern\u00e1ndez Espejo a las tradiciones y la promoci\u00f3n tur\u00edstica de Veracruz, inicia el proceso para elegir a la Corte Real del Carnaval 2027<\/p>\n\n\n\n<p class=\"wp-block-paragraph\">Ausencio Rivera \/Vocesver. com\/noticias<\/p>\n\n\n\n<p class=\"wp-block-paragraph\">Veracruz, Ver. A 02 de Septiembre 2026..&nbsp;<\/p>\n\n\n\n<p class=\"wp-block-paragraph\">Veracruz, Ver., 02 de septiembre del 2026.- Bajo la visi\u00f3n de la alcaldesa Rosa Mar\u00eda Hern\u00e1ndez Espejo de fortalecer las tradiciones y promover la proyecci\u00f3n tur\u00edstica de Veracruz, el Ayuntamiento abri\u00f3 la convocatoria para integrar la Corte Real del Carnaval de Veracruz 2027, una de las celebraciones m\u00e1s representativas del estado.<\/p>\n\n\n\n<p class=\"wp-block-paragraph\">En rueda de prensa, el director de Turismo y Carnaval, Daniel Mart\u00edn Lois, inform\u00f3 que a partir de hoy y hasta el viernes 2 de octubre de 2026, a las 14:00 horas, estar\u00e1 abierto el periodo de inscripci\u00f3n para quienes deseen participar por los t\u00edtulos de Reina, Rey y Reyes Infantiles del Carnaval de Veracruz 2027.<\/p>\n\n\n\n<p class=\"wp-block-paragraph\">Requisitos para Reina<\/p>\n\n\n\n<p class=\"wp-block-paragraph\">\u2022 Ser mujer de nacimiento, veracruzana o hija de padre o madre veracruzano.<\/p>\n\n\n\n<p class=\"wp-block-paragraph\">\u2022 Tener entre 18 y 35 a\u00f1os.<\/p>\n\n\n\n<p class=\"wp-block-paragraph\">Requisitos para Rey<\/p>\n\n\n\n<p class=\"wp-block-paragraph\">\u2022 Ser hombre de nacimiento, veracruzano o hijo de padre o madre veracruzano.<\/p>\n\n\n\n<p class=\"wp-block-paragraph\">\u2022 Tener 18 a\u00f1os en adelante.<\/p>\n\n\n\n<p class=\"wp-block-paragraph\">Requisitos para Reyes Infantiles<\/p>\n\n\n\n<p class=\"wp-block-paragraph\">\u2022 Haber nacido en el estado de Veracruz o ser hijo o hija de padre o madre veracruzano.<\/p>\n\n\n\n<p class=\"wp-block-paragraph\">\u2022 Tener entre 6 y 12 a\u00f1os.<\/p>\n\n\n\n<p class=\"wp-block-paragraph\">Las y los aspirantes de todas las categor\u00edas no deber\u00e1n haber sido Rey o Reina del Carnaval durante los \u00faltimos cinco a\u00f1os. La convocatoria establece un m\u00e1ximo de seis participantes por categor\u00eda, por lo que el periodo de inscripci\u00f3n podr\u00e1 concluir anticipadamente si se alcanza dicho l\u00edmite.<\/p>\n\n\n\n<p class=\"wp-block-paragraph\">Documentaci\u00f3n para el registro<\/p>\n\n\n\n<p class=\"wp-block-paragraph\">Para completar el registro, las y los candidatos deber\u00e1n presentar la siguiente documentaci\u00f3n, de acuerdo con su categor\u00eda:<\/p>\n\n\n\n<p class=\"wp-block-paragraph\">Reina y Rey<\/p>\n\n\n\n<p class=\"wp-block-paragraph\">\u2022 Acta de nacimiento.<\/p>\n\n\n\n<p class=\"wp-block-paragraph\">\u2022 Identificaci\u00f3n oficial vigente.<\/p>\n\n\n\n<p class=\"wp-block-paragraph\">\u2022 Certificado de bachillerato concluido o equivalente avalado por la SEP.<\/p>\n\n\n\n<p class=\"wp-block-paragraph\">\u2022 Dos fotograf\u00edas a color de primer plano y dos de cuerpo entero.<\/p>\n\n\n\n<p class=\"wp-block-paragraph\">\u2022 Video de intenci\u00f3n en USB o escrito donde expongan sus motivos para participar.<\/p>\n\n\n\n<p class=\"wp-block-paragraph\">\u2022 Formato de inscripci\u00f3n y carta responsiva debidamente firmados.<\/p>\n\n\n\n<p class=\"wp-block-paragraph\">\u2022 Recibo oficial del pago de inscripci\u00f3n.<\/p>\n\n\n\n<p class=\"wp-block-paragraph\">Reyes Infantiles<\/p>\n\n\n\n<p class=\"wp-block-paragraph\">\u2022 Acta de nacimiento.<\/p>\n\n\n\n<p class=\"wp-block-paragraph\">\u2022 Identificaci\u00f3n oficial vigente del participante, representante y tutor.<\/p>\n\n\n\n<p class=\"wp-block-paragraph\">\u2022 Constancia de estudios.<\/p>\n\n\n\n<p class=\"wp-block-paragraph\">\u2022 Dos fotograf\u00edas a color de primer plano y dos de cuerpo entero.<\/p>\n\n\n\n<p class=\"wp-block-paragraph\">\u2022 Video de intenci\u00f3n en USB o escrito donde expongan sus motivos para participar.<\/p>\n\n\n\n<p class=\"wp-block-paragraph\">\u2022 Formato de inscripci\u00f3n y carta responsiva debidamente firmados.<\/p>\n\n\n\n<p class=\"wp-block-paragraph\">\u2022 Recibo oficial del pago de inscripci\u00f3n.<\/p>\n\n\n\n<p class=\"wp-block-paragraph\">El pago de inscripci\u00f3n ser\u00e1 equivalente a 600 UMA para las categor\u00edas de adultos, correspondiente a 70 mil 386 pesos, y 240 UMA para las categor\u00edas infantiles, equivalente a 28 mil 154 pesos con 40 centavos.<\/p>\n\n\n\n<p class=\"wp-block-paragraph\">El primer c\u00f3mputo, correspondiente a la confirmaci\u00f3n de continuidad, se realizar\u00e1 el jueves 29 de octubre de 2026. Para continuar en el proceso, los participantes adultos deber\u00e1n alcanzar una meta m\u00ednima acumulada de 135 mil 768 pesos, incluyendo el pago inicial de inscripci\u00f3n.<\/p>\n\n\n\n<p class=\"wp-block-paragraph\">En las categor\u00edas infantiles, la meta m\u00ednima acumulada para el primer c\u00f3mputo ser\u00e1 de 54 mil 307 pesos con 20 centavos, tambi\u00e9n considerando el pago inicial. El c\u00f3mputo final se realizar\u00e1 el jueves 19 de noviembre de 2026, con lo que concluir\u00e1 el proceso para definir a la Corte Real del Carnaval de Veracruz 2027.<\/p>\n\n\n\n<p class=\"wp-block-paragraph\"><\/p>\n","protected":false},"excerpt":{"rendered":"<p>***Con el impulso de la alcaldesa Rosa Mar\u00eda Hern\u00e1ndez Espejo a las tradiciones y la promoci\u00f3n tur\u00edstica de Veracruz, inicia<\/p>\n","protected":false},"author":2,"featured_media":50431,"comment_status":"open","ping_status":"open","sticky":false,"template":"","format":"standard","meta":{"colormag_page_container_layout":"default_layout","colormag_page_sidebar_layout":"default_layout","footnotes":""},"categories":[2],"tags":[],"class_list":["post-50429","post","type-post","status-publish","format-standard","has-post-thumbnail","hentry","category-infogral"],"_links":{"self":[{"href":"http:\/\/vocesver.com\/noticias\/wp-json\/wp\/v2\/posts\/50429","targetHints":{"allow":["GET"]}}],"collection":[{"href":"http:\/\/vocesver.com\/noticias\/wp-json\/wp\/v2\/posts"}],"about":[{"href":"http:\/\/vocesver.com\/noticias\/wp-json\/wp\/v2\/types\/post"}],"author":[{"embeddable":true,"href":"http:\/\/vocesver.com\/noticias\/wp-json\/wp\/v2\/users\/2"}],"replies":[{"embeddable":true,"href":"http:\/\/vocesver.com\/noticias\/wp-json\/wp\/v2\/comments?post=50429"}],"version-history":[{"count":1,"href":"http:\/\/vocesver.com\/noticias\/wp-json\/wp\/v2\/posts\/50429\/revisions"}],"predecessor-version":[{"id":50432,"href":"http:\/\/vocesver.com\/noticias\/wp-json\/wp\/v2\/posts\/50429\/revisions\/50432"}],"wp:featuredmedia":[{"embeddable":true,"href":"http:\/\/vocesver.com\/noticias\/wp-json\/wp\/v2\/media\/50431"}],"wp:attachment":[{"href":"http:\/\/vocesver.com\/noticias\/wp-json\/wp\/v2\/media?parent=50429"}],"wp:term":[{"taxonomy":"category","embeddable":true,"href":"http:\/\/vocesver.com\/noticias\/wp-json\/wp\/v2\/categories?post=50429"},{"taxonomy":"post_tag","embeddable":true,"href":"http:\/\/vocesver.com\/noticias\/wp-json\/wp\/v2\/tags?post=50429"}],"curies":[{"name":"wp","href":"https:\/\/api.w.org\/{rel}","templated":true}]}}