{"id":50425,"date":"2026-09-02T13:57:10","date_gmt":"2026-09-02T13:57:10","guid":{"rendered":"http:\/\/vocesver.com\/noticias\/?p=50425"},"modified":"2026-09-02T13:57:40","modified_gmt":"2026-09-02T13:57:40","slug":"impulsa-rosa-maria-acciones-en-beneficio-del-sector-rural","status":"publish","type":"post","link":"http:\/\/vocesver.com\/noticias\/impulsa-rosa-maria-acciones-en-beneficio-del-sector-rural\/","title":{"rendered":"*Impulsa Rosa Mar\u00eda acciones en beneficio del sector rural*"},"content":{"rendered":"\n<p class=\"wp-block-paragraph\"><\/p>\n\n\n\n<p class=\"wp-block-paragraph\">***Con la Tercera Feria Agron\u00f3mica en Santa Fe, la alcaldesa de Veracruz, Rosa Mar\u00eda Hern\u00e1ndez Espejo, reitera su compromiso de acercar insumos y herramientas a precios accesibles.<\/p>\n\n\n\n<p class=\"wp-block-paragraph\">Ausencio Rivera \/Vocesver. com\/noticias<\/p>\n\n\n\n<p class=\"wp-block-paragraph\">Veracruz, Ver. A 01 de Septiembre 2026..&nbsp;<\/p>\n\n\n\n<p class=\"wp-block-paragraph\">La alcaldesa de Veracruz, Rosa Mar\u00eda Hern\u00e1ndez Espejo, impulsa la Tercera Feria Agron\u00f3mica de Veracruz para acercar insumos, herramientas y servicios que ayuden a reducir gastos y fortalecer las actividades del campo, el pr\u00f3ximo 5 de septiembre en la congregaci\u00f3n de Santa Fe, de 9:00 a 17:00 horas.<\/p>\n\n\n\n<p class=\"wp-block-paragraph\">Durante la jornada se facilitar\u00e1 el acceso a insumos y herramientas para actividades agr\u00edcolas y ganaderas, con descuentos de entre 15 y 20 por ciento, entre ellos mallas, alambre de p\u00faas, l\u00e1minas galvanizadas, fertilizantes, urea, semillas, agroqu\u00edmicos, motosierras, desbrozadoras, vitaminas y desparasitantes.<\/p>\n\n\n\n<p class=\"wp-block-paragraph\">La feria tambi\u00e9n contar\u00e1 con exhibici\u00f3n de tecnolog\u00eda para el campo, as\u00ed como brigadas de salud visual y dental, ampliando los servicios disponibles para las familias asistentes y generando un espacio de atenci\u00f3n para quienes desarrollan actividades agr\u00edcolas y ganaderas en la zona rural.<\/p>\n\n\n\n<p class=\"wp-block-paragraph\">La jornada estar\u00e1 a cargo de la direcci\u00f3n de Fomento Agropecuario y Desarrollo Rural y ofrecer\u00e1 productos alimenticios como pollos, conos de huevo y verduras, adem\u00e1s de art\u00edculos elaborados por mujeres artesanas de la regi\u00f3n, fortaleciendo tambi\u00e9n el comercio local y generando oportunidades para las familias participantes.<\/p>\n\n\n\n<p class=\"wp-block-paragraph\">El Ayuntamiento de Veracruz prev\u00e9 la asistencia de entre 500 y mil agricultores, ganaderos, ejidatarios y familias, incluyendo habitantes de la congregaci\u00f3n Delfino Victoria, quienes podr\u00e1n encontrar alternativas para reducir gastos y fortalecer sus actividades productivas, mientras comerciantes y artesanas tendr\u00e1n un espacio para ofrecer sus productos y contribuir a la econom\u00eda familiar.<\/p>\n","protected":false},"excerpt":{"rendered":"<p>***Con la Tercera Feria Agron\u00f3mica en Santa Fe, la alcaldesa de Veracruz, Rosa Mar\u00eda Hern\u00e1ndez Espejo, reitera su compromiso de<\/p>\n","protected":false},"author":2,"featured_media":50426,"comment_status":"open","ping_status":"open","sticky":false,"template":"","format":"standard","meta":{"colormag_page_container_layout":"default_layout","colormag_page_sidebar_layout":"default_layout","footnotes":""},"categories":[2],"tags":[],"class_list":["post-50425","post","type-post","status-publish","format-standard","has-post-thumbnail","hentry","category-infogral"],"_links":{"self":[{"href":"http:\/\/vocesver.com\/noticias\/wp-json\/wp\/v2\/posts\/50425","targetHints":{"allow":["GET"]}}],"collection":[{"href":"http:\/\/vocesver.com\/noticias\/wp-json\/wp\/v2\/posts"}],"about":[{"href":"http:\/\/vocesver.com\/noticias\/wp-json\/wp\/v2\/types\/post"}],"author":[{"embeddable":true,"href":"http:\/\/vocesver.com\/noticias\/wp-json\/wp\/v2\/users\/2"}],"replies":[{"embeddable":true,"href":"http:\/\/vocesver.com\/noticias\/wp-json\/wp\/v2\/comments?post=50425"}],"version-history":[{"count":2,"href":"http:\/\/vocesver.com\/noticias\/wp-json\/wp\/v2\/posts\/50425\/revisions"}],"predecessor-version":[{"id":50428,"href":"http:\/\/vocesver.com\/noticias\/wp-json\/wp\/v2\/posts\/50425\/revisions\/50428"}],"wp:featuredmedia":[{"embeddable":true,"href":"http:\/\/vocesver.com\/noticias\/wp-json\/wp\/v2\/media\/50426"}],"wp:attachment":[{"href":"http:\/\/vocesver.com\/noticias\/wp-json\/wp\/v2\/media?parent=50425"}],"wp:term":[{"taxonomy":"category","embeddable":true,"href":"http:\/\/vocesver.com\/noticias\/wp-json\/wp\/v2\/categories?post=50425"},{"taxonomy":"post_tag","embeddable":true,"href":"http:\/\/vocesver.com\/noticias\/wp-json\/wp\/v2\/tags?post=50425"}],"curies":[{"name":"wp","href":"https:\/\/api.w.org\/{rel}","templated":true}]}}