{"id":50417,"date":"2026-09-02T13:48:13","date_gmt":"2026-09-02T13:48:13","guid":{"rendered":"http:\/\/vocesver.com\/noticias\/?p=50417"},"modified":"2026-09-02T13:48:34","modified_gmt":"2026-09-02T13:48:34","slug":"sentimientos-de-la-nacion-felicita-a-la-presidenta-claudia-sheinbaum-pardo-por-su-segundo-informe-de-gobierno","status":"publish","type":"post","link":"http:\/\/vocesver.com\/noticias\/sentimientos-de-la-nacion-felicita-a-la-presidenta-claudia-sheinbaum-pardo-por-su-segundo-informe-de-gobierno\/","title":{"rendered":"Sentimientos de la Naci\u00f3n Felicita a la Presidenta Claudia Sheinbaum Pardo por su segundo Informe de Gobierno."},"content":{"rendered":"\n<p class=\"wp-block-paragraph\"><\/p>\n\n\n\n<p class=\"wp-block-paragraph\">**Reconoci\u00f3 que existen importantes avances en beneficio del pueblo**.&nbsp;<\/p>\n\n\n\n<p class=\"wp-block-paragraph\">Ausencio Rivera \/Vocesver.com\/noticias<\/p>\n\n\n\n<p class=\"wp-block-paragraph\">Veracruz, Ver. A 1 de Septiembre 2026..El presidente estatal de la Agrupaci\u00f3n Pol\u00edtica Social Sentimientos de la Naci\u00f3n Evirilio Tamariz Pimentel felicito a la presidenta de la Rep\u00fablica Claudia Chembaum Pardo por su segundo a\u00f1o de gobierno. Reconoci\u00f3 que a la fecha existen importantes avances en beneficio del pueblo M\u00e9xico.<\/p>\n\n\n\n<p class=\"wp-block-paragraph\"> Coment\u00f3 que como nunca la actual mandataria de la Naci\u00f3n mantiene una defensa f\u00e9rrea de Nuestra Soberan\u00eda Nacional y eso habla bien de la Doctora Claudian Sheinmbaum Pardo.<\/p>\n","protected":false},"excerpt":{"rendered":"<p>**Reconoci\u00f3 que existen importantes avances en beneficio del pueblo**.&nbsp; Ausencio Rivera \/Vocesver.com\/noticias Veracruz, Ver. A 1 de Septiembre 2026..El presidente<\/p>\n","protected":false},"author":2,"featured_media":50418,"comment_status":"open","ping_status":"open","sticky":false,"template":"","format":"standard","meta":{"colormag_page_container_layout":"default_layout","colormag_page_sidebar_layout":"default_layout","footnotes":""},"categories":[2],"tags":[],"class_list":["post-50417","post","type-post","status-publish","format-standard","has-post-thumbnail","hentry","category-infogral"],"_links":{"self":[{"href":"http:\/\/vocesver.com\/noticias\/wp-json\/wp\/v2\/posts\/50417","targetHints":{"allow":["GET"]}}],"collection":[{"href":"http:\/\/vocesver.com\/noticias\/wp-json\/wp\/v2\/posts"}],"about":[{"href":"http:\/\/vocesver.com\/noticias\/wp-json\/wp\/v2\/types\/post"}],"author":[{"embeddable":true,"href":"http:\/\/vocesver.com\/noticias\/wp-json\/wp\/v2\/users\/2"}],"replies":[{"embeddable":true,"href":"http:\/\/vocesver.com\/noticias\/wp-json\/wp\/v2\/comments?post=50417"}],"version-history":[{"count":2,"href":"http:\/\/vocesver.com\/noticias\/wp-json\/wp\/v2\/posts\/50417\/revisions"}],"predecessor-version":[{"id":50420,"href":"http:\/\/vocesver.com\/noticias\/wp-json\/wp\/v2\/posts\/50417\/revisions\/50420"}],"wp:featuredmedia":[{"embeddable":true,"href":"http:\/\/vocesver.com\/noticias\/wp-json\/wp\/v2\/media\/50418"}],"wp:attachment":[{"href":"http:\/\/vocesver.com\/noticias\/wp-json\/wp\/v2\/media?parent=50417"}],"wp:term":[{"taxonomy":"category","embeddable":true,"href":"http:\/\/vocesver.com\/noticias\/wp-json\/wp\/v2\/categories?post=50417"},{"taxonomy":"post_tag","embeddable":true,"href":"http:\/\/vocesver.com\/noticias\/wp-json\/wp\/v2\/tags?post=50417"}],"curies":[{"name":"wp","href":"https:\/\/api.w.org\/{rel}","templated":true}]}}