{"id":50414,"date":"2026-09-01T13:21:21","date_gmt":"2026-09-01T13:21:21","guid":{"rendered":"http:\/\/vocesver.com\/noticias\/?p=50414"},"modified":"2026-09-01T13:21:35","modified_gmt":"2026-09-01T13:21:35","slug":"arranca-este-martes-programa-alimenticio-de-jefas-y-jefes-de-familia","status":"publish","type":"post","link":"http:\/\/vocesver.com\/noticias\/arranca-este-martes-programa-alimenticio-de-jefas-y-jefes-de-familia\/","title":{"rendered":"Arranca este martes programa Alimenticio de Jefas y Jefes de Familia."},"content":{"rendered":"\n<p class=\"wp-block-paragraph\"><\/p>\n\n\n\n<p class=\"wp-block-paragraph\">Ausencio Rivera\/Vocesver. com\/noticias<\/p>\n\n\n\n<p class=\"wp-block-paragraph\">Veracruz, Ver. A 31 de Agosto 2026<\/p>\n\n\n\n<p class=\"wp-block-paragraph\">A partir de este martes 1 de septiembre, el gobierno municipal encabezado por la alcaldesa Rosa Mar\u00eda Hern\u00e1ndez Espejo iniciar\u00e1 la entrega de valeras del Programa Alimenticio de Jefas y Jefes de Familia.<\/p>\n\n\n\n<p class=\"wp-block-paragraph\">Esta segunda dispersi\u00f3n, a cargo del director de Bienestar Municipal, Manuel Rogel Sol\u00eds, contempla incorporar al padr\u00f3n a cinco mil nuevas familias que recibir\u00e1n por primera vez este apoyo.<\/p>\n","protected":false},"excerpt":{"rendered":"<p>Ausencio Rivera\/Vocesver. com\/noticias Veracruz, Ver. A 31 de Agosto 2026 A partir de este martes 1 de septiembre, el gobierno<\/p>\n","protected":false},"author":2,"featured_media":50415,"comment_status":"open","ping_status":"open","sticky":false,"template":"","format":"standard","meta":{"colormag_page_container_layout":"default_layout","colormag_page_sidebar_layout":"default_layout","footnotes":""},"categories":[2],"tags":[],"class_list":["post-50414","post","type-post","status-publish","format-standard","has-post-thumbnail","hentry","category-infogral"],"_links":{"self":[{"href":"http:\/\/vocesver.com\/noticias\/wp-json\/wp\/v2\/posts\/50414","targetHints":{"allow":["GET"]}}],"collection":[{"href":"http:\/\/vocesver.com\/noticias\/wp-json\/wp\/v2\/posts"}],"about":[{"href":"http:\/\/vocesver.com\/noticias\/wp-json\/wp\/v2\/types\/post"}],"author":[{"embeddable":true,"href":"http:\/\/vocesver.com\/noticias\/wp-json\/wp\/v2\/users\/2"}],"replies":[{"embeddable":true,"href":"http:\/\/vocesver.com\/noticias\/wp-json\/wp\/v2\/comments?post=50414"}],"version-history":[{"count":1,"href":"http:\/\/vocesver.com\/noticias\/wp-json\/wp\/v2\/posts\/50414\/revisions"}],"predecessor-version":[{"id":50416,"href":"http:\/\/vocesver.com\/noticias\/wp-json\/wp\/v2\/posts\/50414\/revisions\/50416"}],"wp:featuredmedia":[{"embeddable":true,"href":"http:\/\/vocesver.com\/noticias\/wp-json\/wp\/v2\/media\/50415"}],"wp:attachment":[{"href":"http:\/\/vocesver.com\/noticias\/wp-json\/wp\/v2\/media?parent=50414"}],"wp:term":[{"taxonomy":"category","embeddable":true,"href":"http:\/\/vocesver.com\/noticias\/wp-json\/wp\/v2\/categories?post=50414"},{"taxonomy":"post_tag","embeddable":true,"href":"http:\/\/vocesver.com\/noticias\/wp-json\/wp\/v2\/tags?post=50414"}],"curies":[{"name":"wp","href":"https:\/\/api.w.org\/{rel}","templated":true}]}}