{"id":50410,"date":"2026-09-01T12:56:19","date_gmt":"2026-09-01T12:56:19","guid":{"rendered":"http:\/\/vocesver.com\/noticias\/?p=50410"},"modified":"2026-09-01T12:56:35","modified_gmt":"2026-09-01T12:56:35","slug":"ciudad-de-veracruz-refrenda-vocacion-turistica-durante-la-temporada-vacacional-de-verano","status":"publish","type":"post","link":"http:\/\/vocesver.com\/noticias\/ciudad-de-veracruz-refrenda-vocacion-turistica-durante-la-temporada-vacacional-de-verano\/","title":{"rendered":"*Ciudad de Veracruz refrenda vocaci\u00f3n tur\u00edstica durante la temporada vacacional de verano*"},"content":{"rendered":"\n<p class=\"wp-block-paragraph\"><\/p>\n\n\n\n<p class=\"wp-block-paragraph\">***La alcaldesa Rosa Mar\u00eda Hern\u00e1ndez Espejo destac\u00f3 el \u00e9xito de la \u201cOperaci\u00f3n Salvavidas Verano 2026\u201d y la coordinaci\u00f3n entre los tres \u00f3rdenes de gobierno.<\/p>\n\n\n\n<p class=\"wp-block-paragraph\">Ausencio Rivera\/Vocesver. com\/noticias<\/p>\n\n\n\n<p class=\"wp-block-paragraph\">Veracruz, Ver. A 31 de Agosto 2026.&nbsp;<\/p>\n\n\n\n<p class=\"wp-block-paragraph\">La ciudad de Veracruz refrend\u00f3 su vocaci\u00f3n tur\u00edstica durante la temporada vacacional de verano, al consolidarse como uno de los destinos preferidos del estado por visitantes y familias, respaldada por las acciones de prevenci\u00f3n y seguridad implementadas por el Ayuntamiento, que permitieron concluir los periodos de vigilancia en playas y sitios tur\u00edsticos con saldo blanco.<\/p>\n\n\n\n<p class=\"wp-block-paragraph\">Durante estas vacaciones, el Ayuntamiento despleg\u00f3 405 elementos de Protecci\u00f3n Civil, Bomberos, Guardavidas, param\u00e9dicos, Tr\u00e1nsito y Vialidad, Polic\u00eda Municipal, Turismo, DIF Municipal, Comercio y Gobernaci\u00f3n, adem\u00e1s de contar con instituciones federales, estatales y organismos de auxilio para fortalecer la atenci\u00f3n a la poblaci\u00f3n y visitantes.<\/p>\n\n\n\n<p class=\"wp-block-paragraph\">En la \u201cOperaci\u00f3n Salvavidas Verano 2026\u201d participaron la Secretar\u00eda de Marina, Primera Regi\u00f3n Naval, Capitan\u00eda Regional de Puerto, Secretar\u00eda de Protecci\u00f3n Civil del Estado, Cruz Roja y diversas corporaciones de seguridad, rescate y atenci\u00f3n, cuya coordinaci\u00f3n permiti\u00f3 reforzar la vigilancia y respuesta ante cualquier eventualidad.<\/p>\n\n\n\n<p class=\"wp-block-paragraph\">Durante estas semanas, con el programa \u201cUn Verano en la Heroica Veracruz\u201d los espacios recreativos y tur\u00edsticos registraron una presencia constante de familias locales y visitantes. Asimismo, la Direcci\u00f3n de Protecci\u00f3n Civil Municipal informa que las playas retoman su horario de 10:00 a 18:00 horas, con guardavidas para seguridad de la poblaci\u00f3n.&nbsp;<\/p>\n\n\n\n<p class=\"wp-block-paragraph\">Adem\u00e1s, a trav\u00e9s de la direcci\u00f3n de Limpia P\u00fablica se implementaron acciones estrat\u00e9gicas de recolecci\u00f3n de residuos s\u00f3lidos para mantener limpias las vialidades y \u00e1reas de atracci\u00f3n, con estas acciones el gobierno municipal refrenda su compromiso de brindar una ciudad limpia y ordenada para que disfruten los veracruzanos y visitantes.<\/p>\n","protected":false},"excerpt":{"rendered":"<p>***La alcaldesa Rosa Mar\u00eda Hern\u00e1ndez Espejo destac\u00f3 el \u00e9xito de la \u201cOperaci\u00f3n Salvavidas Verano 2026\u201d y la coordinaci\u00f3n entre los<\/p>\n","protected":false},"author":2,"featured_media":50411,"comment_status":"open","ping_status":"open","sticky":false,"template":"","format":"standard","meta":{"colormag_page_container_layout":"default_layout","colormag_page_sidebar_layout":"default_layout","footnotes":""},"categories":[2],"tags":[],"class_list":["post-50410","post","type-post","status-publish","format-standard","has-post-thumbnail","hentry","category-infogral"],"_links":{"self":[{"href":"http:\/\/vocesver.com\/noticias\/wp-json\/wp\/v2\/posts\/50410","targetHints":{"allow":["GET"]}}],"collection":[{"href":"http:\/\/vocesver.com\/noticias\/wp-json\/wp\/v2\/posts"}],"about":[{"href":"http:\/\/vocesver.com\/noticias\/wp-json\/wp\/v2\/types\/post"}],"author":[{"embeddable":true,"href":"http:\/\/vocesver.com\/noticias\/wp-json\/wp\/v2\/users\/2"}],"replies":[{"embeddable":true,"href":"http:\/\/vocesver.com\/noticias\/wp-json\/wp\/v2\/comments?post=50410"}],"version-history":[{"count":2,"href":"http:\/\/vocesver.com\/noticias\/wp-json\/wp\/v2\/posts\/50410\/revisions"}],"predecessor-version":[{"id":50413,"href":"http:\/\/vocesver.com\/noticias\/wp-json\/wp\/v2\/posts\/50410\/revisions\/50413"}],"wp:featuredmedia":[{"embeddable":true,"href":"http:\/\/vocesver.com\/noticias\/wp-json\/wp\/v2\/media\/50411"}],"wp:attachment":[{"href":"http:\/\/vocesver.com\/noticias\/wp-json\/wp\/v2\/media?parent=50410"}],"wp:term":[{"taxonomy":"category","embeddable":true,"href":"http:\/\/vocesver.com\/noticias\/wp-json\/wp\/v2\/categories?post=50410"},{"taxonomy":"post_tag","embeddable":true,"href":"http:\/\/vocesver.com\/noticias\/wp-json\/wp\/v2\/tags?post=50410"}],"curies":[{"name":"wp","href":"https:\/\/api.w.org\/{rel}","templated":true}]}}