{"id":50406,"date":"2026-09-01T12:52:51","date_gmt":"2026-09-01T12:52:51","guid":{"rendered":"http:\/\/vocesver.com\/noticias\/?p=50406"},"modified":"2026-09-01T12:53:09","modified_gmt":"2026-09-01T12:53:09","slug":"nueva-escuela-de-servicios-turisticos-fortalece-el-desarrollo-del-sector-en-veracruz-rosa-maria","status":"publish","type":"post","link":"http:\/\/vocesver.com\/noticias\/nueva-escuela-de-servicios-turisticos-fortalece-el-desarrollo-del-sector-en-veracruz-rosa-maria\/","title":{"rendered":"*Nueva Escuela de Servicios Tur\u00edsticos, fortalece el desarrollo del sector en Veracruz: Rosa Mar\u00eda*"},"content":{"rendered":"\n<p class=\"wp-block-paragraph\"><\/p>\n\n\n\n<p class=\"wp-block-paragraph\">***La alcaldesa de Veracruz reconoci\u00f3 que esta iniciativa de la gobernadora Roc\u00edo Nahle Garc\u00eda contribuir\u00e1 a contar con personal mejor preparado, elevar la calidad de los servicios y generar nuevas oportunidades de empleo y desarrollo econ\u00f3mico.<\/p>\n\n\n\n<p class=\"wp-block-paragraph\">Ausencio Rivera \/Vocesver. com\/noticias<\/p>\n\n\n\n<p class=\"wp-block-paragraph\">Veracruz, Ver. A 31 de Agosto 2026.&nbsp;<\/p>\n\n\n\n<p class=\"wp-block-paragraph\">La presidenta municipal de Veracruz, Rosa Mar\u00eda Hern\u00e1ndez Espejo, reconoci\u00f3 el impulso de la gobernadora Roc\u00edo Nahle Garc\u00eda para hacer realidad la Escuela Veracruzana de Servicios Tur\u00edsticos, que beneficiar\u00e1 a j\u00f3venes y adultos de la ciudad y municipios de la zona conurbada, adem\u00e1s de fortalecer la vocaci\u00f3n tur\u00edstica y el desarrollo econ\u00f3mico regional.<\/p>\n\n\n\n<p class=\"wp-block-paragraph\">Luego de asistir a la ceremonia inaugural del primer ciclo, que encabez\u00f3 la mandataria estatal, la alcaldesa celebr\u00f3 la creaci\u00f3n de este espacio de formaci\u00f3n gratuita, que permitir\u00e1 a m\u00e1s personas adquirir conocimientos especializados y contar con mejores herramientas para incorporarse a una actividad que representa una importante fuente de empleo y desarrollo econ\u00f3mico.<\/p>\n\n\n\n<p class=\"wp-block-paragraph\">La primera generaci\u00f3n estar\u00e1 integrada por 128 estudiantes, quienes durante seis cuatrimestres recibir\u00e1n formaci\u00f3n en gastronom\u00eda, hospedaje, idiomas, tecnolog\u00eda tur\u00edstica y organizaci\u00f3n de eventos, adem\u00e1s de realizar pr\u00e1cticas profesionales que les permitir\u00e1n adquirir experiencia directamente vinculada con las necesidades del mercado laboral.<\/p>\n\n\n\n<p class=\"wp-block-paragraph\">A la ceremonia asistieron tambi\u00e9n el secretario de Turismo, Igor Roj\u00ed L\u00f3pez; la secretaria de Educaci\u00f3n, Raquel Bonilla Herrera; la alcaldesa de Boca del R\u00edo, Mar\u00eda Josefina Gamboa Torales; la diputada local y presidenta de la Comisi\u00f3n de Turismo, Nayeli Mendoza Camarillo; la diputada local, Berta Ahued Malpica; el director de la Escuela Veracruzana de Servicios Tur\u00edsticos, Ram\u00f3n Mart\u00ednez Gasca, as\u00ed como personal docente, alumnos y representantes del sector.<\/p>\n","protected":false},"excerpt":{"rendered":"<p>***La alcaldesa de Veracruz reconoci\u00f3 que esta iniciativa de la gobernadora Roc\u00edo Nahle Garc\u00eda contribuir\u00e1 a contar con personal mejor<\/p>\n","protected":false},"author":2,"featured_media":50407,"comment_status":"open","ping_status":"open","sticky":false,"template":"","format":"standard","meta":{"colormag_page_container_layout":"default_layout","colormag_page_sidebar_layout":"default_layout","footnotes":""},"categories":[2],"tags":[],"class_list":["post-50406","post","type-post","status-publish","format-standard","has-post-thumbnail","hentry","category-infogral"],"_links":{"self":[{"href":"http:\/\/vocesver.com\/noticias\/wp-json\/wp\/v2\/posts\/50406","targetHints":{"allow":["GET"]}}],"collection":[{"href":"http:\/\/vocesver.com\/noticias\/wp-json\/wp\/v2\/posts"}],"about":[{"href":"http:\/\/vocesver.com\/noticias\/wp-json\/wp\/v2\/types\/post"}],"author":[{"embeddable":true,"href":"http:\/\/vocesver.com\/noticias\/wp-json\/wp\/v2\/users\/2"}],"replies":[{"embeddable":true,"href":"http:\/\/vocesver.com\/noticias\/wp-json\/wp\/v2\/comments?post=50406"}],"version-history":[{"count":2,"href":"http:\/\/vocesver.com\/noticias\/wp-json\/wp\/v2\/posts\/50406\/revisions"}],"predecessor-version":[{"id":50409,"href":"http:\/\/vocesver.com\/noticias\/wp-json\/wp\/v2\/posts\/50406\/revisions\/50409"}],"wp:featuredmedia":[{"embeddable":true,"href":"http:\/\/vocesver.com\/noticias\/wp-json\/wp\/v2\/media\/50407"}],"wp:attachment":[{"href":"http:\/\/vocesver.com\/noticias\/wp-json\/wp\/v2\/media?parent=50406"}],"wp:term":[{"taxonomy":"category","embeddable":true,"href":"http:\/\/vocesver.com\/noticias\/wp-json\/wp\/v2\/categories?post=50406"},{"taxonomy":"post_tag","embeddable":true,"href":"http:\/\/vocesver.com\/noticias\/wp-json\/wp\/v2\/tags?post=50406"}],"curies":[{"name":"wp","href":"https:\/\/api.w.org\/{rel}","templated":true}]}}