{"id":50401,"date":"2026-09-01T12:49:04","date_gmt":"2026-09-01T12:49:04","guid":{"rendered":"http:\/\/vocesver.com\/noticias\/?p=50401"},"modified":"2026-09-01T12:49:23","modified_gmt":"2026-09-01T12:49:23","slug":"refrenda-rosa-maria-compromiso-con-la-educacion-en-el-regreso-a-clases-de-mas-de-150-mil-estudiantes-en-la-ciudad-de-veracruz","status":"publish","type":"post","link":"http:\/\/vocesver.com\/noticias\/refrenda-rosa-maria-compromiso-con-la-educacion-en-el-regreso-a-clases-de-mas-de-150-mil-estudiantes-en-la-ciudad-de-veracruz\/","title":{"rendered":"*Refrenda Rosa Mar\u00eda compromiso con la educaci\u00f3n, en el regreso a clases de m\u00e1s de 150 mil estudiantes en la ciudad de Veracruz*"},"content":{"rendered":"\n<p class=\"wp-block-paragraph\"><\/p>\n\n\n\n<p class=\"wp-block-paragraph\">***Al encabezar el inicio del ciclo escolar 2026-2027 en dos planteles educativos, la presidenta municipal destac\u00f3 el impulso que la presidenta Claudia Sheinbaum y la gobernadora Roc\u00edo Nahle Garc\u00eda brindan a la transformaci\u00f3n educativa.&nbsp;<\/p>\n\n\n\n<p class=\"wp-block-paragraph\">Ausencio Rivera \/Vocesver. con\/noticias<\/p>\n\n\n\n<p class=\"wp-block-paragraph\">Veracruz, Ver. A 31 de Agosto 2026. La alcaldesa de Veracruz, Rosa Mar\u00eda Hern\u00e1ndez Espejo, encabez\u00f3 el inicio del ciclo escolar 2026-2027, con el regreso a las aulas de m\u00e1s de 150 mil estudiantes de los distintos niveles educativos en la ciudad, en el marco del impulso a la educaci\u00f3n promovido por la presidenta Claudia Sheinbaum Pardo y la gobernadora Roc\u00edo Nahle Garc\u00eda.<\/p>\n\n\n\n<p class=\"wp-block-paragraph\">En la Escuela Secundaria T\u00e9cnica Industrial No. 160, ubicada en el fraccionamiento Los Torrentes, tambi\u00e9n asistieron Juan Nicol\u00e1s Callejas Rold\u00e1n, supervisor de la zona escolar 20, y Daniel Covarrubias L\u00f3pez, secretario general de la Secci\u00f3n 32 del SNTE, quienes participaron en la ceremonia oficial y los honores a la bandera.<\/p>\n\n\n\n<p class=\"wp-block-paragraph\">En la primaria \u201cJos\u00e9 Vasconcelos\u201d, de la colonia Amapolas II, se realiz\u00f3 adem\u00e1s la entrega simb\u00f3lica de los nuevos libros de texto gratuitos, materiales que acompa\u00f1ar\u00e1n el aprendizaje de las y los estudiantes durante el ciclo escolar y que representan una herramienta fundamental para fortalecer su formaci\u00f3n acad\u00e9mica.<\/p>\n\n\n\n<p class=\"wp-block-paragraph\">Durante las actividades, la alcaldesa refrend\u00f3 el compromiso de su administraci\u00f3n con la transformaci\u00f3n educativa y reconoci\u00f3 la vocaci\u00f3n de maestras y maestros y personal administrativo, as\u00ed como el acompa\u00f1amiento de madres y padres de familia, como elementos fundamentales para la formaci\u00f3n integral de las nuevas generaciones.<\/p>\n\n\n\n<p class=\"wp-block-paragraph\">A estos actos asistieron autoridades educativas y municipales, docentes y familias, quienes acompa\u00f1aron a las y los alumnos en el inicio del ciclo escolar, mientras que el gobierno municipal reiter\u00f3 su disposici\u00f3n de continuar trabajando de manera coordinada con los gobiernos federal y estatal para fortalecer la educaci\u00f3n y ampliar las oportunidades de desarrollo para los estudiantes que son el presente y el futuro de Veracruz y de M\u00e9xico.<\/p>\n","protected":false},"excerpt":{"rendered":"<p>***Al encabezar el inicio del ciclo escolar 2026-2027 en dos planteles educativos, la presidenta municipal destac\u00f3 el impulso que la<\/p>\n","protected":false},"author":2,"featured_media":50403,"comment_status":"open","ping_status":"open","sticky":false,"template":"","format":"standard","meta":{"colormag_page_container_layout":"default_layout","colormag_page_sidebar_layout":"default_layout","footnotes":""},"categories":[2],"tags":[],"class_list":["post-50401","post","type-post","status-publish","format-standard","has-post-thumbnail","hentry","category-infogral"],"_links":{"self":[{"href":"http:\/\/vocesver.com\/noticias\/wp-json\/wp\/v2\/posts\/50401","targetHints":{"allow":["GET"]}}],"collection":[{"href":"http:\/\/vocesver.com\/noticias\/wp-json\/wp\/v2\/posts"}],"about":[{"href":"http:\/\/vocesver.com\/noticias\/wp-json\/wp\/v2\/types\/post"}],"author":[{"embeddable":true,"href":"http:\/\/vocesver.com\/noticias\/wp-json\/wp\/v2\/users\/2"}],"replies":[{"embeddable":true,"href":"http:\/\/vocesver.com\/noticias\/wp-json\/wp\/v2\/comments?post=50401"}],"version-history":[{"count":2,"href":"http:\/\/vocesver.com\/noticias\/wp-json\/wp\/v2\/posts\/50401\/revisions"}],"predecessor-version":[{"id":50405,"href":"http:\/\/vocesver.com\/noticias\/wp-json\/wp\/v2\/posts\/50401\/revisions\/50405"}],"wp:featuredmedia":[{"embeddable":true,"href":"http:\/\/vocesver.com\/noticias\/wp-json\/wp\/v2\/media\/50403"}],"wp:attachment":[{"href":"http:\/\/vocesver.com\/noticias\/wp-json\/wp\/v2\/media?parent=50401"}],"wp:term":[{"taxonomy":"category","embeddable":true,"href":"http:\/\/vocesver.com\/noticias\/wp-json\/wp\/v2\/categories?post=50401"},{"taxonomy":"post_tag","embeddable":true,"href":"http:\/\/vocesver.com\/noticias\/wp-json\/wp\/v2\/tags?post=50401"}],"curies":[{"name":"wp","href":"https:\/\/api.w.org\/{rel}","templated":true}]}}