{"id":50397,"date":"2026-08-31T13:04:20","date_gmt":"2026-08-31T13:04:20","guid":{"rendered":"http:\/\/vocesver.com\/noticias\/?p=50397"},"modified":"2026-08-31T13:04:39","modified_gmt":"2026-08-31T13:04:39","slug":"respalda-alcaldesa-rosa-maria-al-talento-deportivo-veracruzano","status":"publish","type":"post","link":"http:\/\/vocesver.com\/noticias\/respalda-alcaldesa-rosa-maria-al-talento-deportivo-veracruzano\/","title":{"rendered":"*Respalda alcaldesa Rosa Mar\u00eda al talento deportivo veracruzano*"},"content":{"rendered":"\n<p class=\"wp-block-paragraph\"><\/p>\n\n\n\n<p class=\"wp-block-paragraph\">***La presidenta municipal felicit\u00f3 al taekwondo\u00edn Kevin Mu\u00f1oz por su medalla de oro invicta en Per\u00fa y reiter\u00f3 su compromiso con la juventud.<\/p>\n\n\n\n<p class=\"wp-block-paragraph\">Ausencio Rivera \/Vocesver. com\/noticias<\/p>\n\n\n\n<p class=\"wp-block-paragraph\">Veracruz, Ver. A 30.de.Agosto 2026..&nbsp;<\/p>\n\n\n\n<p class=\"wp-block-paragraph\">La alcaldesa Rosa Mar\u00eda Hern\u00e1ndez Espejo, en su compromiso por impulsar el deporte y apoyar a la juventud, felicit\u00f3 al taekwondo\u00edn Kevin Mu\u00f1oz Gonz\u00e1lez tras ganar la medalla de oro invicta en la \u00abCopa Presidentes\u00bb en Lima, Per\u00fa, quien puso en alto el nombre del municipio porte\u00f1o en la categor\u00eda juvenil junto a su entrenador, Liam Quintal.<\/p>\n\n\n\n<p class=\"wp-block-paragraph\">La presidenta municipal reafirm\u00f3 el compromiso de su administraci\u00f3n para seguir impulsando el talento deportivo de la juventud veracruzana. El atleta Kevin Mu\u00f1oz tuvo una participaci\u00f3n impecable en el torneo internacional, sin ceder un solo round en sus combates.<\/p>\n\n\n\n<p class=\"wp-block-paragraph\">En su ruta al oro, el deportista super\u00f3 de forma consecutiva a los representantes de Ecuador, Puerto Rico, M\u00e9xico y Brasil. Este triunfo se suma a la medalla de oro obtenida en la pasada Olimpiada Nacional CONADE 2026.<\/p>\n\n\n\n<p class=\"wp-block-paragraph\">La alcaldesa, quien ha respaldado durante la presente gesti\u00f3n municipal al taekwondo\u00edn, le dese\u00f3 el mayor de los \u00e9xitos, ya que el veracruzano viajar\u00e1 a Corea del Sur para realizar un campamento intensivo de preparaci\u00f3n durante un mes. Con estas acciones, el Ayuntamiento de Veracruz refrenda su compromiso y apoyo al talento de las y los j\u00f3venes de la ciudad.<\/p>\n","protected":false},"excerpt":{"rendered":"<p>***La presidenta municipal felicit\u00f3 al taekwondo\u00edn Kevin Mu\u00f1oz por su medalla de oro invicta en Per\u00fa y reiter\u00f3 su compromiso<\/p>\n","protected":false},"author":2,"featured_media":50398,"comment_status":"open","ping_status":"open","sticky":false,"template":"","format":"standard","meta":{"colormag_page_container_layout":"default_layout","colormag_page_sidebar_layout":"default_layout","footnotes":""},"categories":[2],"tags":[],"class_list":["post-50397","post","type-post","status-publish","format-standard","has-post-thumbnail","hentry","category-infogral"],"_links":{"self":[{"href":"http:\/\/vocesver.com\/noticias\/wp-json\/wp\/v2\/posts\/50397","targetHints":{"allow":["GET"]}}],"collection":[{"href":"http:\/\/vocesver.com\/noticias\/wp-json\/wp\/v2\/posts"}],"about":[{"href":"http:\/\/vocesver.com\/noticias\/wp-json\/wp\/v2\/types\/post"}],"author":[{"embeddable":true,"href":"http:\/\/vocesver.com\/noticias\/wp-json\/wp\/v2\/users\/2"}],"replies":[{"embeddable":true,"href":"http:\/\/vocesver.com\/noticias\/wp-json\/wp\/v2\/comments?post=50397"}],"version-history":[{"count":2,"href":"http:\/\/vocesver.com\/noticias\/wp-json\/wp\/v2\/posts\/50397\/revisions"}],"predecessor-version":[{"id":50400,"href":"http:\/\/vocesver.com\/noticias\/wp-json\/wp\/v2\/posts\/50397\/revisions\/50400"}],"wp:featuredmedia":[{"embeddable":true,"href":"http:\/\/vocesver.com\/noticias\/wp-json\/wp\/v2\/media\/50398"}],"wp:attachment":[{"href":"http:\/\/vocesver.com\/noticias\/wp-json\/wp\/v2\/media?parent=50397"}],"wp:term":[{"taxonomy":"category","embeddable":true,"href":"http:\/\/vocesver.com\/noticias\/wp-json\/wp\/v2\/categories?post=50397"},{"taxonomy":"post_tag","embeddable":true,"href":"http:\/\/vocesver.com\/noticias\/wp-json\/wp\/v2\/tags?post=50397"}],"curies":[{"name":"wp","href":"https:\/\/api.w.org\/{rel}","templated":true}]}}