{"id":49034,"date":"2026-05-03T14:54:12","date_gmt":"2026-05-03T14:54:12","guid":{"rendered":"http:\/\/vocesver.com\/noticias\/?p=49034"},"modified":"2026-05-03T14:54:27","modified_gmt":"2026-05-03T14:54:27","slug":"lamenta-ayuntamiento-de-veracruz-fallecimiento-de-menor-en-incendio-de-vivienda-en-bosques-de-tarimoya","status":"publish","type":"post","link":"http:\/\/vocesver.com\/noticias\/lamenta-ayuntamiento-de-veracruz-fallecimiento-de-menor-en-incendio-de-vivienda-en-bosques-de-tarimoya\/","title":{"rendered":"Lamenta Ayuntamiento de Veracruz fallecimiento de menor en incendio de vivienda en Bosques de Tarimoya."},"content":{"rendered":"\n<p><\/p>\n\n\n\n<p>****Elementos de bomberos y PC Municipal acudieron de inmediato a atender la emergencia, tras recibir el reporte en la estaci\u00f3n de Nuevo Veracruz<\/p>\n\n\n\n<p>***Se investigan las causas del siniestro, en tanto se brinda atenci\u00f3n integral a la familia afectada por parte de la autoridad municipal<\/p>\n\n\n\n<p>Ausencio Rivera \/Vocesver. com\/noticias<\/p>\n\n\n\n<p>Veracruz, Ver a 3 de Mayo 2026&#8230;&nbsp;<\/p>\n\n\n\n<p>El Ayuntamiento de Veracruz, encabezado por la alcaldesa Rosa Mar\u00eda Hern\u00e1ndez Espejo, lament\u00f3 el fallecimiento de un menor registrado esta madrugada tras el incendio de su vivienda, ubicada en la calle Bosques de Am\u00e9rica, en el fraccionamiento Bosques de Tarimoya.&nbsp;<\/p>\n\n\n\n<p>Personal de Bomberos y de la direcci\u00f3n de Protecci\u00f3n Civil Municipal acudieron de inmediato al lugar para atender la emergencia, tras recibir el reporte en la estaci\u00f3n ubicada en el fraccionamiento Nuevo Veracruz.<\/p>\n\n\n\n<p>Al arribar al domicilio se percataron que el siniestro se registr\u00f3 en la planta baja de la casa habitaci\u00f3n, procediendo a apagarlo, quedando sofocado en su totalidad. Sin embargo, en su interior se encontr\u00f3 a un menor de 14 a\u00f1os de edad, quien lamentablemente hab\u00eda fallecido, mientras que un menor m\u00e1s y un joven de 21 a\u00f1os, lograron salir ilesos.&nbsp;<\/p>\n\n\n\n<p>Las autoridades correspondientes ya realizan las investigaciones para determinar las causas del incidente, en tanto se ha activado un protocolo de atenci\u00f3n integral para brindar apoyo a la familia afectada, incluyendo acompa\u00f1amiento psicol\u00f3gico y asistencia social, reiterando el compromiso del Ayuntamiento de Veracruz con la seguridad de las familias veracruzanas.<\/p>\n","protected":false},"excerpt":{"rendered":"<p>****Elementos de bomberos y PC Municipal acudieron de inmediato a atender la emergencia, tras recibir el reporte en la estaci\u00f3n<\/p>\n","protected":false},"author":2,"featured_media":49035,"comment_status":"open","ping_status":"open","sticky":false,"template":"","format":"standard","meta":{"colormag_page_container_layout":"default_layout","colormag_page_sidebar_layout":"default_layout","footnotes":""},"categories":[2],"tags":[],"class_list":["post-49034","post","type-post","status-publish","format-standard","has-post-thumbnail","hentry","category-infogral"],"_links":{"self":[{"href":"http:\/\/vocesver.com\/noticias\/wp-json\/wp\/v2\/posts\/49034","targetHints":{"allow":["GET"]}}],"collection":[{"href":"http:\/\/vocesver.com\/noticias\/wp-json\/wp\/v2\/posts"}],"about":[{"href":"http:\/\/vocesver.com\/noticias\/wp-json\/wp\/v2\/types\/post"}],"author":[{"embeddable":true,"href":"http:\/\/vocesver.com\/noticias\/wp-json\/wp\/v2\/users\/2"}],"replies":[{"embeddable":true,"href":"http:\/\/vocesver.com\/noticias\/wp-json\/wp\/v2\/comments?post=49034"}],"version-history":[{"count":2,"href":"http:\/\/vocesver.com\/noticias\/wp-json\/wp\/v2\/posts\/49034\/revisions"}],"predecessor-version":[{"id":49037,"href":"http:\/\/vocesver.com\/noticias\/wp-json\/wp\/v2\/posts\/49034\/revisions\/49037"}],"wp:featuredmedia":[{"embeddable":true,"href":"http:\/\/vocesver.com\/noticias\/wp-json\/wp\/v2\/media\/49035"}],"wp:attachment":[{"href":"http:\/\/vocesver.com\/noticias\/wp-json\/wp\/v2\/media?parent=49034"}],"wp:term":[{"taxonomy":"category","embeddable":true,"href":"http:\/\/vocesver.com\/noticias\/wp-json\/wp\/v2\/categories?post=49034"},{"taxonomy":"post_tag","embeddable":true,"href":"http:\/\/vocesver.com\/noticias\/wp-json\/wp\/v2\/tags?post=49034"}],"curies":[{"name":"wp","href":"https:\/\/api.w.org\/{rel}","templated":true}]}}