{"id":49031,"date":"2026-05-03T14:42:16","date_gmt":"2026-05-03T14:42:16","guid":{"rendered":"http:\/\/vocesver.com\/noticias\/?p=49031"},"modified":"2026-05-03T14:42:32","modified_gmt":"2026-05-03T14:42:32","slug":"saldo-blanco-y-afectaciones-menores-en-la-ciudad-de-veracruz-por-frente-frio-48","status":"publish","type":"post","link":"http:\/\/vocesver.com\/noticias\/saldo-blanco-y-afectaciones-menores-en-la-ciudad-de-veracruz-por-frente-frio-48\/","title":{"rendered":"Saldo blanco y afectaciones menores en la ciudad de Veracruz por frente fr\u00edo 48."},"content":{"rendered":"\n<p><\/p>\n\n\n\n<p>Ausencio Rivera \/Vocesver. com\/noticias<\/p>\n\n\n\n<p>Veracruz, Ver a 2 de Mayo 2026&#8230;&nbsp;<\/p>\n\n\n\n<p>Por instrucciones de la alcaldesa de Veracruz, Rosa Mar\u00eda Hern\u00e1ndez Espejo, la direcci\u00f3n de Protecci\u00f3n Civil (PC) municipal mantiene un operativo de vigilancia permanente ante el paso del frente fr\u00edo 48, registr\u00e1ndose saldo blanco y afectaciones menores en la ciudad.<\/p>\n\n\n\n<p>Se presentan vientos sostenidos de 58 km\/h, con rachas de hasta 79 km\/h, adem\u00e1s de ligero descenso de temperatura, oleaje elevado y probabilidad de lluvias. Como medida preventiva, se mantiene el cierre de playas con bandera roja y la presencia de guardavidas en la zona costera.<\/p>\n\n\n\n<p>En atenci\u00f3n a los reportes ciudadanos, hasta el corte de las 18:00 horas de este s\u00e1bado, se han brindado 14 servicios, principalmente por ca\u00edda de \u00e1rboles, riesgos en postes, luminarias y fachadas, as\u00ed como el retiro de estructuras desprendidas y otros da\u00f1os menores en distintos puntos del municipio.<\/p>\n\n\n\n<p>Para este domingo se prev\u00e9 que las condiciones contin\u00faen, aunque con una ligera disminuci\u00f3n en la intensidad del viento. Se recomienda a la poblaci\u00f3n mantenerse atenta a los avisos oficiales, evitar zonas de riesgo y seguir las indicaciones de las autoridades.<\/p>\n","protected":false},"excerpt":{"rendered":"<p>Ausencio Rivera \/Vocesver. com\/noticias Veracruz, Ver a 2 de Mayo 2026&#8230;&nbsp; Por instrucciones de la alcaldesa de Veracruz, Rosa Mar\u00eda<\/p>\n","protected":false},"author":2,"featured_media":49032,"comment_status":"open","ping_status":"open","sticky":false,"template":"","format":"standard","meta":{"colormag_page_container_layout":"default_layout","colormag_page_sidebar_layout":"default_layout","footnotes":""},"categories":[2],"tags":[],"class_list":["post-49031","post","type-post","status-publish","format-standard","has-post-thumbnail","hentry","category-infogral"],"_links":{"self":[{"href":"http:\/\/vocesver.com\/noticias\/wp-json\/wp\/v2\/posts\/49031","targetHints":{"allow":["GET"]}}],"collection":[{"href":"http:\/\/vocesver.com\/noticias\/wp-json\/wp\/v2\/posts"}],"about":[{"href":"http:\/\/vocesver.com\/noticias\/wp-json\/wp\/v2\/types\/post"}],"author":[{"embeddable":true,"href":"http:\/\/vocesver.com\/noticias\/wp-json\/wp\/v2\/users\/2"}],"replies":[{"embeddable":true,"href":"http:\/\/vocesver.com\/noticias\/wp-json\/wp\/v2\/comments?post=49031"}],"version-history":[{"count":1,"href":"http:\/\/vocesver.com\/noticias\/wp-json\/wp\/v2\/posts\/49031\/revisions"}],"predecessor-version":[{"id":49033,"href":"http:\/\/vocesver.com\/noticias\/wp-json\/wp\/v2\/posts\/49031\/revisions\/49033"}],"wp:featuredmedia":[{"embeddable":true,"href":"http:\/\/vocesver.com\/noticias\/wp-json\/wp\/v2\/media\/49032"}],"wp:attachment":[{"href":"http:\/\/vocesver.com\/noticias\/wp-json\/wp\/v2\/media?parent=49031"}],"wp:term":[{"taxonomy":"category","embeddable":true,"href":"http:\/\/vocesver.com\/noticias\/wp-json\/wp\/v2\/categories?post=49031"},{"taxonomy":"post_tag","embeddable":true,"href":"http:\/\/vocesver.com\/noticias\/wp-json\/wp\/v2\/tags?post=49031"}],"curies":[{"name":"wp","href":"https:\/\/api.w.org\/{rel}","templated":true}]}}