{"id":49019,"date":"2026-05-01T20:27:50","date_gmt":"2026-05-01T20:27:50","guid":{"rendered":"http:\/\/vocesver.com\/noticias\/?p=49019"},"modified":"2026-05-01T20:36:08","modified_gmt":"2026-05-01T20:36:08","slug":"la-croc-conmemoro-el-dia-internacional-del-trabajo-en-la-cueva-del-club-de-leones-de-veracruz","status":"publish","type":"post","link":"http:\/\/vocesver.com\/noticias\/la-croc-conmemoro-el-dia-internacional-del-trabajo-en-la-cueva-del-club-de-leones-de-veracruz\/","title":{"rendered":"LA CROC CONMEMOR\u00d3 EL D\u00cdA INTERNACIONAL DEL TRABAJO EN LA CUEVA DEL CLUB DE LEONES DE VERACRUZ."},"content":{"rendered":"\n<p>La celebraci\u00f3n estuvo presidida por el dirigente estatal de la CROC Antonino Baxzi Mata.<\/p>\n\n\n\n<p>El dirigente croquista estuvo acomp\u00f1ado de su hija Luz Baxzi.<\/p>\n\n\n\n<p><\/p>\n\n\n\n<p>Asistier\u00f3n m\u00e1s de mil trabajadores de diversos sindicatos.<\/p>\n\n\n\n<p>Ausencio Rivera\/Vocesver.com\/noticias<\/p>\n\n\n\n<p>Veracruz,Ver.- a 1 de Mayo 2026.- En presencia de m\u00e1s de mil trabajadores de diversos sindicatos, el dirigente estatal de la Croc Antonino  Baxzi Mata conmemor\u00f3 este vienes un aniversario m\u00e1s del Dia Internacional del Trabajo donde se record\u00f3 a los m\u00e1rtires de Rio Blanco, Chicago y Cananea.<\/p>\n\n\n\n<p>La celebraci\u00f3n se llev\u00f3 a cabo en la Cueva del Club de Leones de este puerto, el dirigente croquista destac\u00f3 que esta fecha los trabajadores y pueblo en general no la debemos olvidar.<\/p>\n\n\n\n<p>Siempre hay que recordar a  todos aquellos l\u00edderes y homenajearlos porque tuvieron la valent\u00eda de quitarse el yugo que los oprim\u00eda para que hoy en d\u00eda la clase trabajadora goce de mejores niveles de vida.<\/p>\n\n\n\n<p>Acompa\u00f1ado de su hija Luz Baxzi y otros dirigentes obreros record\u00f3 que en  esa \u00e9poca los trabajadores eran humillados, explotados y trabajaban m\u00e1s de 8 horas  cobrando salarios de hambre. Estos no ten\u00edan descanso, vacaciones en fin no ten\u00edan absolutamente nada admiti\u00f3.<\/p>\n\n\n\n<p>Todas estas fechas las deben de recordar las nuevas generaciones para evitar que nunca jam\u00e1s se repitan. Sobre todo deben saber de d\u00f3nde venimos, al tiempo que record\u00f3 los trabajadores venimos de tres grandes movimientos como fue el de Chicago, Cananea y R\u00edo Blanco que se gest\u00f3 en Veracruz donde trabajadores textileros se tuvieron que manifestar para que tuvieran  mejores niveles de vida.<\/p>\n\n\n\n<p>Por otro lado inform\u00f3 que la Croc ya no pertenece al Congreso del Trabajo, ahora est\u00e1 afiliada a la Asociaci\u00f3n Nacional  de las y los Trabajadores que representan Napole\u00f3n G\u00f3mez Urrutia, Rodolfo Gonz\u00e1lez Guzm\u00e1n,Francisco Herm\u00e1ndez Ju\u00e1rez y nuestro l\u00edder nacional Isa\u00edas  Gonz\u00e1lez Cuevas.<\/p>\n\n\n\n<p>Asimismo dijo que actualmente se est\u00e1 pidiendo a la presidenta de la Rep\u00fablica Claudia Sheimbaum Pardo se les quite los impuestos  sobre producto de trabajo a los trabajadores asalariados ya que de nada sirve que se mejoren los salarios si les aplican el impuesto sobre producto de trabajo y otros grav\u00e1menes que tambi\u00e9n afectan su econom\u00eda.<\/p>\n\n\n\n<p>El dirigente obrero estuvo acompa\u00f1ado de la reina del Club de Leones, de  Jorge Dom\u00ednguez Lara dirigente de los operadores de Autobuses  Unidos,Petra M\u00e9ndez Malpica, el lic. Jos\u00e9 Guadalupe Andrade M\u00e9ndez, el lic, Carlos Rafael G\u00f3mez Montaban,Javier Niembro Montoya, Lic, Alberto Oyola  Hern\u00e1ndez, la Mtra, Norma Mendoza Gonz\u00e1lez regidor Quinto del Ayuntamiento de Veracruz entre otras distinguidas personalidades relacionadas con el sector laboral.<\/p>\n\n\n\n<p><\/p>\n","protected":false},"excerpt":{"rendered":"<p>La celebraci\u00f3n estuvo presidida por el dirigente estatal de la CROC Antonino Baxzi Mata. El dirigente croquista estuvo acomp\u00f1ado de<\/p>\n","protected":false},"author":2,"featured_media":49021,"comment_status":"open","ping_status":"open","sticky":false,"template":"","format":"standard","meta":{"colormag_page_container_layout":"default_layout","colormag_page_sidebar_layout":"default_layout","footnotes":""},"categories":[2],"tags":[],"class_list":["post-49019","post","type-post","status-publish","format-standard","has-post-thumbnail","hentry","category-infogral"],"_links":{"self":[{"href":"http:\/\/vocesver.com\/noticias\/wp-json\/wp\/v2\/posts\/49019","targetHints":{"allow":["GET"]}}],"collection":[{"href":"http:\/\/vocesver.com\/noticias\/wp-json\/wp\/v2\/posts"}],"about":[{"href":"http:\/\/vocesver.com\/noticias\/wp-json\/wp\/v2\/types\/post"}],"author":[{"embeddable":true,"href":"http:\/\/vocesver.com\/noticias\/wp-json\/wp\/v2\/users\/2"}],"replies":[{"embeddable":true,"href":"http:\/\/vocesver.com\/noticias\/wp-json\/wp\/v2\/comments?post=49019"}],"version-history":[{"count":2,"href":"http:\/\/vocesver.com\/noticias\/wp-json\/wp\/v2\/posts\/49019\/revisions"}],"predecessor-version":[{"id":49023,"href":"http:\/\/vocesver.com\/noticias\/wp-json\/wp\/v2\/posts\/49019\/revisions\/49023"}],"wp:featuredmedia":[{"embeddable":true,"href":"http:\/\/vocesver.com\/noticias\/wp-json\/wp\/v2\/media\/49021"}],"wp:attachment":[{"href":"http:\/\/vocesver.com\/noticias\/wp-json\/wp\/v2\/media?parent=49019"}],"wp:term":[{"taxonomy":"category","embeddable":true,"href":"http:\/\/vocesver.com\/noticias\/wp-json\/wp\/v2\/categories?post=49019"},{"taxonomy":"post_tag","embeddable":true,"href":"http:\/\/vocesver.com\/noticias\/wp-json\/wp\/v2\/tags?post=49019"}],"curies":[{"name":"wp","href":"https:\/\/api.w.org\/{rel}","templated":true}]}}