{"id":49015,"date":"2026-05-01T19:37:55","date_gmt":"2026-05-01T19:37:55","guid":{"rendered":"http:\/\/vocesver.com\/noticias\/?p=49015"},"modified":"2026-05-01T19:38:07","modified_gmt":"2026-05-01T19:38:07","slug":"reafirma-rosa-maria-compromiso-con-las-y-los-trabajadores-veracruzanos","status":"publish","type":"post","link":"http:\/\/vocesver.com\/noticias\/reafirma-rosa-maria-compromiso-con-las-y-los-trabajadores-veracruzanos\/","title":{"rendered":"Reafirma Rosa Mar\u00eda compromiso con las y los trabajadores veracruzanos."},"content":{"rendered":"\n<p><\/p>\n\n\n\n<p>***Durante la conmemoraci\u00f3n del D\u00eda del Trabajo, la alcaldesa de Veracruz destac\u00f3 el papel de la clase trabajadora como pilar del desarrollo de la ciudad&nbsp;<\/p>\n\n\n\n<p>Ausencio Rivera\/Vocesver. com\/noticias<\/p>\n\n\n\n<p>Veracruz, Ver. A 1 de Mayo 2026..&nbsp;<\/p>\n\n\n\n<p>La alcaldesa de Veracruz, Rosa Mar\u00eda Hern\u00e1ndez Espejo, reconoci\u00f3 a las y los trabajadores veracruzanos como pilar del desarrollo de la ciudad y reiter\u00f3 el compromiso de su administraci\u00f3n para seguir fortaleciendo sus derechos laborales.<\/p>\n\n\n\n<p>\u201cCuenten con el respaldo del Ayuntamiento de Veracruz; juntos, sostengamos lo alcanzado y sigamos avanzando por el bienestar de las y los trabajadores\u201d, afirm\u00f3 la presidenta municipal durante su discurso en la conmemoraci\u00f3n del D\u00eda Internacional del Trabajo, realizada en la Macroplaza del Malec\u00f3n.<\/p>\n\n\n\n<p>En su intervenci\u00f3n, destac\u00f3 que en el pa\u00eds se han logrado avances importantes en favor de las y los trabajadores, impulsados por la presidenta Claudia Sheinbaum Pardo, as\u00ed como con el respaldo en Veracruz de la gobernadora Roc\u00edo Nahle Garc\u00eda, lo que ha permitido mejorar la situaci\u00f3n laboral y el bienestar de la poblaci\u00f3n.<\/p>\n\n\n\n<p>Asimismo, record\u00f3 que esta fecha tiene su origen en las luchas obreras de finales del siglo XIX, como el movimiento de Chicago en 1886, as\u00ed como en M\u00e9xico con las huelgas de Cananea y R\u00edo Blanco, que sentaron las bases de los derechos laborales en el pa\u00eds.<\/p>\n\n\n\n<p>Al evento organizado por el Congreso del Trabajo de Veracruz asistieron su presidente, Leonel P\u00e9rez Herrera, acompa\u00f1ado de cientos de trabajadoras y trabajadores veracruzanos; la diputada federal Zoraya Villacis Palacios; representantes de organizaciones obreras y de los tres \u00f3rdenes de gobierno, as\u00ed como miembros del cuerpo edilicio del Ayuntamiento de Veracruz.<\/p>\n","protected":false},"excerpt":{"rendered":"<p>***Durante la conmemoraci\u00f3n del D\u00eda del Trabajo, la alcaldesa de Veracruz destac\u00f3 el papel de la clase trabajadora como pilar<\/p>\n","protected":false},"author":2,"featured_media":49016,"comment_status":"open","ping_status":"open","sticky":false,"template":"","format":"standard","meta":{"colormag_page_container_layout":"default_layout","colormag_page_sidebar_layout":"default_layout","footnotes":""},"categories":[2],"tags":[],"class_list":["post-49015","post","type-post","status-publish","format-standard","has-post-thumbnail","hentry","category-infogral"],"_links":{"self":[{"href":"http:\/\/vocesver.com\/noticias\/wp-json\/wp\/v2\/posts\/49015","targetHints":{"allow":["GET"]}}],"collection":[{"href":"http:\/\/vocesver.com\/noticias\/wp-json\/wp\/v2\/posts"}],"about":[{"href":"http:\/\/vocesver.com\/noticias\/wp-json\/wp\/v2\/types\/post"}],"author":[{"embeddable":true,"href":"http:\/\/vocesver.com\/noticias\/wp-json\/wp\/v2\/users\/2"}],"replies":[{"embeddable":true,"href":"http:\/\/vocesver.com\/noticias\/wp-json\/wp\/v2\/comments?post=49015"}],"version-history":[{"count":2,"href":"http:\/\/vocesver.com\/noticias\/wp-json\/wp\/v2\/posts\/49015\/revisions"}],"predecessor-version":[{"id":49018,"href":"http:\/\/vocesver.com\/noticias\/wp-json\/wp\/v2\/posts\/49015\/revisions\/49018"}],"wp:featuredmedia":[{"embeddable":true,"href":"http:\/\/vocesver.com\/noticias\/wp-json\/wp\/v2\/media\/49016"}],"wp:attachment":[{"href":"http:\/\/vocesver.com\/noticias\/wp-json\/wp\/v2\/media?parent=49015"}],"wp:term":[{"taxonomy":"category","embeddable":true,"href":"http:\/\/vocesver.com\/noticias\/wp-json\/wp\/v2\/categories?post=49015"},{"taxonomy":"post_tag","embeddable":true,"href":"http:\/\/vocesver.com\/noticias\/wp-json\/wp\/v2\/tags?post=49015"}],"curies":[{"name":"wp","href":"https:\/\/api.w.org\/{rel}","templated":true}]}}