{"id":49011,"date":"2026-05-01T19:34:52","date_gmt":"2026-05-01T19:34:52","guid":{"rendered":"http:\/\/vocesver.com\/noticias\/?p=49011"},"modified":"2026-05-01T19:35:05","modified_gmt":"2026-05-01T19:35:05","slug":"rinde-protesta-agente-municipal-de-la-congregacion-delfino-a-victoria","status":"publish","type":"post","link":"http:\/\/vocesver.com\/noticias\/rinde-protesta-agente-municipal-de-la-congregacion-delfino-a-victoria\/","title":{"rendered":"Rinde protesta agente municipal de la congregaci\u00f3n Delfino A. Victoria."},"content":{"rendered":"\n<p><\/p>\n\n\n\n<p>***La alcaldesa Rosa Mar\u00eda Hern\u00e1ndez Espejo destac\u00f3 la importancia de fortalecer la representaci\u00f3n comunitaria y el trabajo cercano con las localidades.<\/p>\n\n\n\n<p>Ausencio Rivera \/Vocesver. com\/noticias<\/p>\n\n\n\n<p>Veracruz, Ver. A 1 de Mayo 2026..&nbsp;<\/p>\n\n\n\n<p>La alcaldesa de Veracruz, Rosa Mar\u00eda Hern\u00e1ndez Espejo, tom\u00f3 protesta a Ana Bertha Rodr\u00edguez Barradas como agente municipal de la congregaci\u00f3n Delfino A. Victoria, fortaleciendo la representaci\u00f3n ciudadana en esta importante localidad.<\/p>\n\n\n\n<p>En sesi\u00f3n ordinaria de Cabildo, se formaliz\u00f3 este nombramiento como parte del proceso democr\u00e1tico en el que se registr\u00f3 una amplia participaci\u00f3n de la ciudadan\u00eda para elegir a su representante.<\/p>\n\n\n\n<p>La presidenta municipal destac\u00f3 la relevancia de fortalecer la vida comunitaria y el trabajo cercano con las localidades, reconociendo en las autoridades auxiliares un v\u00ednculo fundamental entre el gobierno municipal y la poblaci\u00f3n.<\/p>\n\n\n\n<p>Este acto da cumplimiento a lo establecido en el art\u00edculo 172, antepen\u00faltimo p\u00e1rrafo, de la Ley Org\u00e1nica del Municipio Libre, as\u00ed como a la convocatoria correspondiente a la elecci\u00f3n de agente municipal para el periodo 2026\u20132030.<\/p>\n\n\n\n<p>El Ayuntamiento de Veracruz refrenda su compromiso de trabajar de manera coordinada con las y los agentes municipales, impulsando acciones que contribuyan al bienestar y desarrollo de todas las comunidades del municipio.<\/p>\n","protected":false},"excerpt":{"rendered":"<p>***La alcaldesa Rosa Mar\u00eda Hern\u00e1ndez Espejo destac\u00f3 la importancia de fortalecer la representaci\u00f3n comunitaria y el trabajo cercano con las<\/p>\n","protected":false},"author":2,"featured_media":49012,"comment_status":"open","ping_status":"open","sticky":false,"template":"","format":"standard","meta":{"colormag_page_container_layout":"default_layout","colormag_page_sidebar_layout":"default_layout","footnotes":""},"categories":[2],"tags":[],"class_list":["post-49011","post","type-post","status-publish","format-standard","has-post-thumbnail","hentry","category-infogral"],"_links":{"self":[{"href":"http:\/\/vocesver.com\/noticias\/wp-json\/wp\/v2\/posts\/49011","targetHints":{"allow":["GET"]}}],"collection":[{"href":"http:\/\/vocesver.com\/noticias\/wp-json\/wp\/v2\/posts"}],"about":[{"href":"http:\/\/vocesver.com\/noticias\/wp-json\/wp\/v2\/types\/post"}],"author":[{"embeddable":true,"href":"http:\/\/vocesver.com\/noticias\/wp-json\/wp\/v2\/users\/2"}],"replies":[{"embeddable":true,"href":"http:\/\/vocesver.com\/noticias\/wp-json\/wp\/v2\/comments?post=49011"}],"version-history":[{"count":2,"href":"http:\/\/vocesver.com\/noticias\/wp-json\/wp\/v2\/posts\/49011\/revisions"}],"predecessor-version":[{"id":49014,"href":"http:\/\/vocesver.com\/noticias\/wp-json\/wp\/v2\/posts\/49011\/revisions\/49014"}],"wp:featuredmedia":[{"embeddable":true,"href":"http:\/\/vocesver.com\/noticias\/wp-json\/wp\/v2\/media\/49012"}],"wp:attachment":[{"href":"http:\/\/vocesver.com\/noticias\/wp-json\/wp\/v2\/media?parent=49011"}],"wp:term":[{"taxonomy":"category","embeddable":true,"href":"http:\/\/vocesver.com\/noticias\/wp-json\/wp\/v2\/categories?post=49011"},{"taxonomy":"post_tag","embeddable":true,"href":"http:\/\/vocesver.com\/noticias\/wp-json\/wp\/v2\/tags?post=49011"}],"curies":[{"name":"wp","href":"https:\/\/api.w.org\/{rel}","templated":true}]}}