{"id":49002,"date":"2026-05-01T14:19:03","date_gmt":"2026-05-01T14:19:03","guid":{"rendered":"http:\/\/vocesver.com\/noticias\/?p=49002"},"modified":"2026-05-01T14:19:16","modified_gmt":"2026-05-01T14:19:16","slug":"calor-intenso-dara-paso-a-frente-frio-48-en-la-ciudad-de-veracruz","status":"publish","type":"post","link":"http:\/\/vocesver.com\/noticias\/calor-intenso-dara-paso-a-frente-frio-48-en-la-ciudad-de-veracruz\/","title":{"rendered":"Calor intenso dar\u00e1 paso a frente fr\u00edo 48 en la ciudad de Veracruz."},"content":{"rendered":"\n<p><\/p>\n\n\n\n<p>Ausencio Rivera\/Vocesver. com\/noticias<\/p>\n\n\n\n<p>Veracruz Ver. A 30 de Abril 2026&nbsp;<\/p>\n\n\n\n<p>La presidenta municipal de Veracruz, Rosa Mar\u00eda Hern\u00e1ndez Espejo, informa a la ciudadan\u00eda sobre la llegada del frente fr\u00edo n\u00famero 48 durante el fin de semana, el cual provocar\u00e1 lluvias, rachas fuertes de viento y descenso de temperatura, por lo que es importante mantenerse atentos a los avisos de las autoridades.<\/p>\n\n\n\n<p>Previo a este cambio, prevalece el ambiente muy caluroso durante este jueves y viernes, con temperaturas elevadas en la ciudad, por lo que se exhorta a la poblaci\u00f3n a continuar con medidas de prevenci\u00f3n como mantenerse hidratados, evitar la exposici\u00f3n prolongada al sol y cuidar especialmente a personas vulnerables.<\/p>\n\n\n\n<p>De acuerdo con el pron\u00f3stico, el frente fr\u00edo ingresar\u00eda a la zona conurbada durante la ma\u00f1ana del s\u00e1bado, generando aumento de nublados, lluvias y tormentas, as\u00ed como un evento de norte con rachas de entre 80 a 100 km\/h, por lo que se recomienda asegurar objetos y permanecer en lugares seguros.<\/p>\n\n\n\n<p>El Ayuntamiento de Veracruz, a trav\u00e9s de la direcci\u00f3n de Protecci\u00f3n Civil municipal, pone a disposici\u00f3n de la ciudadan\u00eda los n\u00fameros telef\u00f3nicos: 229200 2270 y 229200 2271 en horario de 08:00 a 16:00 horas, as\u00ed como las l\u00edneas 229 200 2275 y 229 200 2276 disponibles las 24 horas, adem\u00e1s del 911 para emergencias.<\/p>\n","protected":false},"excerpt":{"rendered":"<p>Ausencio Rivera\/Vocesver. com\/noticias Veracruz Ver. A 30 de Abril 2026&nbsp; La presidenta municipal de Veracruz, Rosa Mar\u00eda Hern\u00e1ndez Espejo, informa<\/p>\n","protected":false},"author":2,"featured_media":49003,"comment_status":"open","ping_status":"open","sticky":false,"template":"","format":"standard","meta":{"colormag_page_container_layout":"default_layout","colormag_page_sidebar_layout":"default_layout","footnotes":""},"categories":[2],"tags":[],"class_list":["post-49002","post","type-post","status-publish","format-standard","has-post-thumbnail","hentry","category-infogral"],"_links":{"self":[{"href":"http:\/\/vocesver.com\/noticias\/wp-json\/wp\/v2\/posts\/49002","targetHints":{"allow":["GET"]}}],"collection":[{"href":"http:\/\/vocesver.com\/noticias\/wp-json\/wp\/v2\/posts"}],"about":[{"href":"http:\/\/vocesver.com\/noticias\/wp-json\/wp\/v2\/types\/post"}],"author":[{"embeddable":true,"href":"http:\/\/vocesver.com\/noticias\/wp-json\/wp\/v2\/users\/2"}],"replies":[{"embeddable":true,"href":"http:\/\/vocesver.com\/noticias\/wp-json\/wp\/v2\/comments?post=49002"}],"version-history":[{"count":2,"href":"http:\/\/vocesver.com\/noticias\/wp-json\/wp\/v2\/posts\/49002\/revisions"}],"predecessor-version":[{"id":49005,"href":"http:\/\/vocesver.com\/noticias\/wp-json\/wp\/v2\/posts\/49002\/revisions\/49005"}],"wp:featuredmedia":[{"embeddable":true,"href":"http:\/\/vocesver.com\/noticias\/wp-json\/wp\/v2\/media\/49003"}],"wp:attachment":[{"href":"http:\/\/vocesver.com\/noticias\/wp-json\/wp\/v2\/media?parent=49002"}],"wp:term":[{"taxonomy":"category","embeddable":true,"href":"http:\/\/vocesver.com\/noticias\/wp-json\/wp\/v2\/categories?post=49002"},{"taxonomy":"post_tag","embeddable":true,"href":"http:\/\/vocesver.com\/noticias\/wp-json\/wp\/v2\/tags?post=49002"}],"curies":[{"name":"wp","href":"https:\/\/api.w.org\/{rel}","templated":true}]}}