{"id":48999,"date":"2026-05-01T14:06:56","date_gmt":"2026-05-01T14:06:56","guid":{"rendered":"http:\/\/vocesver.com\/noticias\/?p=48999"},"modified":"2026-05-01T14:07:15","modified_gmt":"2026-05-01T14:07:15","slug":"ayuntamiento-de-veracruz-celebra-a-la-ninez-con-espectacular-desfile-de-globoflexia-y-musica-en-vivo","status":"publish","type":"post","link":"http:\/\/vocesver.com\/noticias\/ayuntamiento-de-veracruz-celebra-a-la-ninez-con-espectacular-desfile-de-globoflexia-y-musica-en-vivo\/","title":{"rendered":"Ayuntamiento de Veracruz celebra a la ni\u00f1ez con espectacular desfile de globoflexia y m\u00fasica en vivo."},"content":{"rendered":"\n<p><\/p>\n\n\n\n<p>***Entre globos gigantes, bastoneras y ritmos infantiles, el gobierno municipal celebr\u00f3 a la ni\u00f1ez veracruzana en el centro hist\u00f3rico.<\/p>\n\n\n\n<p>Ausencio Rivera \/Vocesver com\/noticias<\/p>\n\n\n\n<p>Veracruz,Ver. A 30 de Abril 2026.&nbsp;<\/p>\n\n\n\n<p>La alcaldesa de Veracruz, Rosa Mar\u00eda Hern\u00e1ndez Espejo, encabez\u00f3 el \u201cDesfile de Globoflexia\u201d con motivo del D\u00eda del Ni\u00f1o y de la Ni\u00f1a, una celebraci\u00f3n que convirti\u00f3 la avenida Independencia en un corredor de m\u00fasica, color y figuras que arrancaron sonrisas a cientos de ni\u00f1as y ni\u00f1os que acudieron acompa\u00f1ados de sus familias.<\/p>\n\n\n\n<p>Entre bastoneras, la Banda de M\u00fasica Municipal y un espect\u00e1culo infantil que acompa\u00f1\u00f3 el recorrido, el contingente avanz\u00f3 entre aplausos y c\u00e1maras. Las figuras elaboradas con globos, animales de gran tama\u00f1o y formas fant\u00e1sticas, se mov\u00edan entre la multitud como el principal atractivo de una tarde pensada para la convivencia.<\/p>\n\n\n\n<p>El festejo continu\u00f3 en el Z\u00f3calo de la ciudad con un concierto did\u00e1ctico de la Orquesta Moscovita de la Universidad Veracruzana (UV), donde la m\u00fasica se volvi\u00f3 un puente entre generaciones. El p\u00fablico reconoci\u00f3 piezas del imaginario infantil y, poco a poco, el ambiente deriv\u00f3 en una verbena donde tambi\u00e9n hubo espacio para la danza y la nostalgia.<\/p>\n\n\n\n<p>El cierre lleg\u00f3 con sones, ritmos afrocaribe\u00f1os y piezas tradicionales que pusieron a bailar a los asistentes, mientras el centro hist\u00f3rico manten\u00eda un entorno festivo. Como parte de la jornada, se instalaron juegos gigantes en el corredor Guti\u00e9rrez Zamora, que extendieron la celebraci\u00f3n y reforzaron el car\u00e1cter familiar del d\u00eda.<\/p>\n","protected":false},"excerpt":{"rendered":"<p>***Entre globos gigantes, bastoneras y ritmos infantiles, el gobierno municipal celebr\u00f3 a la ni\u00f1ez veracruzana en el centro hist\u00f3rico. Ausencio<\/p>\n","protected":false},"author":2,"featured_media":49000,"comment_status":"open","ping_status":"open","sticky":false,"template":"","format":"standard","meta":{"colormag_page_container_layout":"default_layout","colormag_page_sidebar_layout":"default_layout","footnotes":""},"categories":[2],"tags":[],"class_list":["post-48999","post","type-post","status-publish","format-standard","has-post-thumbnail","hentry","category-infogral"],"_links":{"self":[{"href":"http:\/\/vocesver.com\/noticias\/wp-json\/wp\/v2\/posts\/48999","targetHints":{"allow":["GET"]}}],"collection":[{"href":"http:\/\/vocesver.com\/noticias\/wp-json\/wp\/v2\/posts"}],"about":[{"href":"http:\/\/vocesver.com\/noticias\/wp-json\/wp\/v2\/types\/post"}],"author":[{"embeddable":true,"href":"http:\/\/vocesver.com\/noticias\/wp-json\/wp\/v2\/users\/2"}],"replies":[{"embeddable":true,"href":"http:\/\/vocesver.com\/noticias\/wp-json\/wp\/v2\/comments?post=48999"}],"version-history":[{"count":1,"href":"http:\/\/vocesver.com\/noticias\/wp-json\/wp\/v2\/posts\/48999\/revisions"}],"predecessor-version":[{"id":49001,"href":"http:\/\/vocesver.com\/noticias\/wp-json\/wp\/v2\/posts\/48999\/revisions\/49001"}],"wp:featuredmedia":[{"embeddable":true,"href":"http:\/\/vocesver.com\/noticias\/wp-json\/wp\/v2\/media\/49000"}],"wp:attachment":[{"href":"http:\/\/vocesver.com\/noticias\/wp-json\/wp\/v2\/media?parent=48999"}],"wp:term":[{"taxonomy":"category","embeddable":true,"href":"http:\/\/vocesver.com\/noticias\/wp-json\/wp\/v2\/categories?post=48999"},{"taxonomy":"post_tag","embeddable":true,"href":"http:\/\/vocesver.com\/noticias\/wp-json\/wp\/v2\/tags?post=48999"}],"curies":[{"name":"wp","href":"https:\/\/api.w.org\/{rel}","templated":true}]}}