{"id":48996,"date":"2026-05-01T13:59:55","date_gmt":"2026-05-01T13:59:55","guid":{"rendered":"http:\/\/vocesver.com\/noticias\/?p=48996"},"modified":"2026-05-01T14:00:54","modified_gmt":"2026-05-01T14:00:54","slug":"tradicion-viva-de-veracruz-se-comparte-en-el-tianguis-turistico","status":"publish","type":"post","link":"http:\/\/vocesver.com\/noticias\/tradicion-viva-de-veracruz-se-comparte-en-el-tianguis-turistico\/","title":{"rendered":"Tradici\u00f3n viva de Veracruz se comparte en el Tianguis Tur\u00edstico."},"content":{"rendered":"\n<p><\/p>\n\n\n\n<p>Vocesver. com\/noticias&nbsp;<\/p>\n\n\n\n<p>Acapulco, Gro., jueves 30 de abril de 2026.- El Gobierno del Estado, a trav\u00e9s de la<\/p>\n\n\n\n<p>Secretar\u00eda de Cultura de Veracruz (SECVER), concluy\u00f3 su participaci\u00f3n en el Tianguis<\/p>\n\n\n\n<p>Tur\u00edstico, realizado en el Expo Mundo Imperial de Acapulco, con una muestra amplia de<\/p>\n\n\n\n<p>sus expresiones culturales y tradiciones.<\/p>\n\n\n\n<p>A lo largo de las actividades, la delegaci\u00f3n mantuvo presencia constante con una oferta que<\/p>\n\n\n\n<p>integr\u00f3 m\u00fasica, danza, gastronom\u00eda y medicina tradicional, lo que atrajo la atenci\u00f3n de<\/p>\n\n\n\n<p>visitantes y profesionales del sector tur\u00edstico.<\/p>\n\n\n\n<p>Como parte del cierre, el escenario principal y el \u00e1rea gastron\u00f3mica reunieron a los<\/p>\n\n\n\n<p>danzantes de Guaguas, el grupo Zenzontle, el Ballet Folkl\u00f3rico de la Universidad<\/p>\n\n\n\n<p>Veracruzana y los bailarines de salsa Fuego en la Pista. Sus presentaciones incluyeron son<\/p>\n\n\n\n<p>jarocho, salsa y danzas tradicionales, adem\u00e1s de sesiones abiertas donde el p\u00fablico particip\u00f3<\/p>\n\n\n\n<p>en clases de baile.<\/p>\n\n\n\n<p>El espacio dedicado a la medicina tradicional registr\u00f3 alta afluencia durante toda la jornada;<\/p>\n\n\n\n<p>sanadora Mari Mart\u00ednez Mixtega, de Catemaco, tuvo una concurrida afluencia para realizar<\/p>\n\n\n\n<p>limpias, corroborando as\u00ed que la sabidur\u00eda y las t\u00e9cnicas ancestrales est\u00e1n presentes y son<\/p>\n\n\n\n<p>compartidas m\u00e1s all\u00e1 de los l\u00edmites de la entidad veracruzana.En el \u00e1rea gastron\u00f3mica, se ofrecieron platillos representativos de distintas regiones del<\/p>\n\n\n\n<p>estado. Clara Carrera P\u00e9rez, Do\u00f1a Clarita, estuvo a cargo de la degustaci\u00f3n gastron\u00f3mica<\/p>\n\n\n\n<p>de la regi\u00f3n Capital con sus deliciosos bu\u00f1uelos, conquistando a turistas locales y<\/p>\n\n\n\n<p>extranjeros con su saz\u00f3n inigualable.<\/p>\n\n\n\n<p>M\u00e1s tarde, Luis Gonz\u00e1lez y Jackie N\u00fa\u00f1ez, representantes de la regi\u00f3n Totonacapan,<\/p>\n\n\n\n<p>compartieron pulacles, espolvoreadas de pipi\u00e1n y bocoles; mientras que Miriam, de la<\/p>\n\n\n\n<p>regi\u00f3n Altas Monta\u00f1as, ofreci\u00f3 tradicionales tamales de frijol.<\/p>\n\n\n\n<p>La SECVER reitera su compromiso para difundir la historia y tradici\u00f3n de los pueblos<\/p>\n\n\n\n<p>originarios y el orgullo de la identidad veracruzana. Sigue la cuenta de la @SECVERoficial<\/p>\n\n\n\n<p>para descubrir todas las actividades que confirman por qu\u00e9 Veracruz est\u00e1 de moda.<\/p>\n\n\n\n<p><\/p>\n","protected":false},"excerpt":{"rendered":"<p>Vocesver. com\/noticias&nbsp; Acapulco, Gro., jueves 30 de abril de 2026.- El Gobierno del Estado, a trav\u00e9s de la Secretar\u00eda de<\/p>\n","protected":false},"author":2,"featured_media":48997,"comment_status":"open","ping_status":"open","sticky":false,"template":"","format":"standard","meta":{"colormag_page_container_layout":"default_layout","colormag_page_sidebar_layout":"default_layout","footnotes":""},"categories":[2],"tags":[],"class_list":["post-48996","post","type-post","status-publish","format-standard","has-post-thumbnail","hentry","category-infogral"],"_links":{"self":[{"href":"http:\/\/vocesver.com\/noticias\/wp-json\/wp\/v2\/posts\/48996","targetHints":{"allow":["GET"]}}],"collection":[{"href":"http:\/\/vocesver.com\/noticias\/wp-json\/wp\/v2\/posts"}],"about":[{"href":"http:\/\/vocesver.com\/noticias\/wp-json\/wp\/v2\/types\/post"}],"author":[{"embeddable":true,"href":"http:\/\/vocesver.com\/noticias\/wp-json\/wp\/v2\/users\/2"}],"replies":[{"embeddable":true,"href":"http:\/\/vocesver.com\/noticias\/wp-json\/wp\/v2\/comments?post=48996"}],"version-history":[{"count":1,"href":"http:\/\/vocesver.com\/noticias\/wp-json\/wp\/v2\/posts\/48996\/revisions"}],"predecessor-version":[{"id":48998,"href":"http:\/\/vocesver.com\/noticias\/wp-json\/wp\/v2\/posts\/48996\/revisions\/48998"}],"wp:featuredmedia":[{"embeddable":true,"href":"http:\/\/vocesver.com\/noticias\/wp-json\/wp\/v2\/media\/48997"}],"wp:attachment":[{"href":"http:\/\/vocesver.com\/noticias\/wp-json\/wp\/v2\/media?parent=48996"}],"wp:term":[{"taxonomy":"category","embeddable":true,"href":"http:\/\/vocesver.com\/noticias\/wp-json\/wp\/v2\/categories?post=48996"},{"taxonomy":"post_tag","embeddable":true,"href":"http:\/\/vocesver.com\/noticias\/wp-json\/wp\/v2\/tags?post=48996"}],"curies":[{"name":"wp","href":"https:\/\/api.w.org\/{rel}","templated":true}]}}