{"id":48993,"date":"2026-05-01T13:56:14","date_gmt":"2026-05-01T13:56:14","guid":{"rendered":"http:\/\/vocesver.com\/noticias\/?p=48993"},"modified":"2026-05-01T13:56:29","modified_gmt":"2026-05-01T13:56:29","slug":"ninez-motor-de-la-vida-publica-y-del-desarrollo-de-la-ciudad-de-veracruz-rosa-maria-hernandez-espejo","status":"publish","type":"post","link":"http:\/\/vocesver.com\/noticias\/ninez-motor-de-la-vida-publica-y-del-desarrollo-de-la-ciudad-de-veracruz-rosa-maria-hernandez-espejo\/","title":{"rendered":"Ni\u00f1ez, motor de la vida p\u00fablica y del desarrollo de la ciudad de Veracruz: Rosa Mar\u00eda Hern\u00e1ndez Espejo."},"content":{"rendered":"\n<p><\/p>\n\n\n\n<p>***Fue instalado el Cabildo Infantil en el Palacio Municipal, como un ejercicio de participaci\u00f3n en el que ni\u00f1as y ni\u00f1os asumieron la estructura del gobierno local y expusieron ideas y propuestas para su comunidad.<\/p>\n\n\n\n<p>Ausencio Rivera \/Vocesver. com\/noticias&nbsp;<\/p>\n\n\n\n<p>Veracruz, Ver 30 de Abril 2026.&nbsp;<\/p>\n\n\n\n<p>Con la visi\u00f3n de que la ni\u00f1ez de la ciudad de Veracruz es un motor fundamental para la vida p\u00fablica y el desarrollo comunitario, la alcaldesa Rosa Mar\u00eda Hern\u00e1ndez Espejo atestigu\u00f3 el primer Cabildo Infantil de su administraci\u00f3n, en el que nuevas generaciones de l\u00edderes expresaron ideas y propuestas orientadas a mejorar su entorno y las condiciones de vida en el municipio.<\/p>\n\n\n\n<p>El ejercicio se desarroll\u00f3 en la Sala de Cabildo del Palacio Municipal, donde las y los ni\u00f1os asumieron la estructura del gobierno local, instalando el \u00f3rgano edilicio con una presidenta municipal, el s\u00edndico \u00fanico, el secretario, trece regidoras y regidores y una maestra de ceremonias, replicando la din\u00e1mica formal de funcionamiento del Ayuntamiento y sus procesos de deliberaci\u00f3n.<\/p>\n\n\n\n<p>Tras escuchar las participaciones de cada miembro del cuerpo edilicio infantil, la presidenta municipal asegur\u00f3 que las propuestas \u201cson valiosas y coinciden con lo que buscamos para la ciudad\u201d, y afirm\u00f3 que ser\u00e1n tomadas en cuenta e incorporadas en la planeaci\u00f3n del gobierno municipal que encabeza, sobre todo en los ejes relacionados con espacios p\u00fablicos, convivencia y bienestar de la ni\u00f1ez.<\/p>\n\n\n\n<p>En ese contexto, destac\u00f3 que \u201clas ni\u00f1as y los ni\u00f1os son el motor que impulsa el trabajo cotidiano por una ciudad con mejores condiciones para vivir y ser felices\u201d, al subrayar la importancia de no limitar el bienestar \u00fanicamente a las necesidades b\u00e1sicas, sino tambi\u00e9n a las oportunidades de desarrollo y escucha ciudadana.<\/p>\n\n\n\n<p>En el marco de la conmemoraci\u00f3n del D\u00eda del Ni\u00f1o y de la Ni\u00f1a, la jornada concluy\u00f3 con un gesto simb\u00f3lico hacia las y los integrantes del Cabildo Infantil, a quienes se les entregaron obsequios y reconocimientos por su participaci\u00f3n en este ejercicio c\u00edvico.<\/p>\n\n\n\n<p>Participaron como integrantes del Cabildo Infantil Veracruz 2026: Tanairi Canales Herrera, presidenta municipal infantil; Ra\u00fal Villa Triana, s\u00edndico \u00fanico infantil; Lisandro Maximiliano Romero Tagano, secretario del Ayuntamiento Infantil y Julieta Malpica Sosa fungi\u00f3 como maestra de ceremonias.<\/p>\n\n\n\n<p>Asimismo, Aitana Ivet Rosales Uscanga, Jos\u00e9 Francisco Rom\u00e1n Morales, G\u00e9nesis L\u00f3pez Estudillo, Sebasti\u00e1n Mac\u00edas Covarrubias, Alice Narumi Gudi\u00f1o Torres, Diego Coyolt Coyolt, Luis Marion Torres Villanueva, Johana Larissa Hermida Mart\u00ednez, Alberto Reyes Hern\u00e1ndez, Zury Sadai Reyes Cabrera, Abraham de Jes\u00fas Serrano Portilla, Rodrigo Daniel P\u00e9rez Aguilar y Mar\u00eda Paula Villa Lily, integraron el cuerpo edilicio infantil.<\/p>\n","protected":false},"excerpt":{"rendered":"<p>***Fue instalado el Cabildo Infantil en el Palacio Municipal, como un ejercicio de participaci\u00f3n en el que ni\u00f1as y ni\u00f1os<\/p>\n","protected":false},"author":2,"featured_media":48994,"comment_status":"open","ping_status":"open","sticky":false,"template":"","format":"standard","meta":{"colormag_page_container_layout":"default_layout","colormag_page_sidebar_layout":"default_layout","footnotes":""},"categories":[2],"tags":[],"class_list":["post-48993","post","type-post","status-publish","format-standard","has-post-thumbnail","hentry","category-infogral"],"_links":{"self":[{"href":"http:\/\/vocesver.com\/noticias\/wp-json\/wp\/v2\/posts\/48993","targetHints":{"allow":["GET"]}}],"collection":[{"href":"http:\/\/vocesver.com\/noticias\/wp-json\/wp\/v2\/posts"}],"about":[{"href":"http:\/\/vocesver.com\/noticias\/wp-json\/wp\/v2\/types\/post"}],"author":[{"embeddable":true,"href":"http:\/\/vocesver.com\/noticias\/wp-json\/wp\/v2\/users\/2"}],"replies":[{"embeddable":true,"href":"http:\/\/vocesver.com\/noticias\/wp-json\/wp\/v2\/comments?post=48993"}],"version-history":[{"count":1,"href":"http:\/\/vocesver.com\/noticias\/wp-json\/wp\/v2\/posts\/48993\/revisions"}],"predecessor-version":[{"id":48995,"href":"http:\/\/vocesver.com\/noticias\/wp-json\/wp\/v2\/posts\/48993\/revisions\/48995"}],"wp:featuredmedia":[{"embeddable":true,"href":"http:\/\/vocesver.com\/noticias\/wp-json\/wp\/v2\/media\/48994"}],"wp:attachment":[{"href":"http:\/\/vocesver.com\/noticias\/wp-json\/wp\/v2\/media?parent=48993"}],"wp:term":[{"taxonomy":"category","embeddable":true,"href":"http:\/\/vocesver.com\/noticias\/wp-json\/wp\/v2\/categories?post=48993"},{"taxonomy":"post_tag","embeddable":true,"href":"http:\/\/vocesver.com\/noticias\/wp-json\/wp\/v2\/tags?post=48993"}],"curies":[{"name":"wp","href":"https:\/\/api.w.org\/{rel}","templated":true}]}}