{"id":48986,"date":"2026-04-30T13:06:09","date_gmt":"2026-04-30T13:06:09","guid":{"rendered":"http:\/\/vocesver.com\/noticias\/?p=48986"},"modified":"2026-04-30T13:07:58","modified_gmt":"2026-04-30T13:07:58","slug":"sedecop-abre-mercado-canadiense-a-productos-veracruzanos","status":"publish","type":"post","link":"http:\/\/vocesver.com\/noticias\/sedecop-abre-mercado-canadiense-a-productos-veracruzanos\/","title":{"rendered":"Sedecop abre mercado canadiense a productos veracruzanos."},"content":{"rendered":"\n<p><\/p>\n\n\n\n<p>&gt;Representa el 6% del comercio estatal y crece 19% en exportaciones.<\/p>\n\n\n\n<p>&gt;Caf\u00e9, c\u00edtricos, vainilla y alimentos procesados lideran la oferta exportable.<\/p>\n\n\n\n<p>Ausencio Rivera \/Vocesver. com\/noticias&nbsp;<\/p>\n\n\n\n<p>Montreal, Ca., martes 29 de abril de 2026.\u2013 La Secretar\u00eda de Desarrollo Econ\u00f3mico y<\/p>\n\n\n\n<p>Portuario (Sedecop) participa en el Salon International de l&#8217;Alimentation au Canada (SIAL<\/p>\n\n\n\n<p>Canad\u00e1), la mayor feria de innovaci\u00f3n alimentaria de Norteam\u00e9rica, con el objetivo de<\/p>\n\n\n\n<p>ampliar la proyecci\u00f3n comercial de productos veracruzanos en el mercado internacional.<\/p>\n\n\n\n<p>Del 29 de abril al 01 de mayo, en el Palais des Congr\u00e8s de Montr\u00e9al, se realizan reuniones<\/p>\n\n\n\n<p>de negocio para productos como caf\u00e9 de especialidad, c\u00edtricos, vainilla y alimentos<\/p>\n\n\n\n<p>procesados, con el prop\u00f3sito de ampliar canales de comercializaci\u00f3n.<\/p>\n\n\n\n<p>La misi\u00f3n busca consolidar la presencia de productos con valor agregado en Canad\u00e1, mercado que representa el 6 por ciento del flujo comercial de Veracruz; la estrategia<\/p>\n\n\n\n<p>responde al crecimiento del 19 por ciento en las exportaciones hacia ese pa\u00eds durante el<\/p>\n\n\n\n<p>\u00faltimo a\u00f1o, que lo posiciona como el cuarto socio comercial de la entidad.<\/p>\n\n\n\n<p>El titular de la dependencia, Ernesto P\u00e9rez Astorga, encabeza la agenda de trabajo, que<\/p>\n\n\n\n<p>incluye la promoci\u00f3n de la oferta exportable mediante encuentros con importadores y<\/p>\n\n\n\n<p>distribuidores, principalmente de las naciones norteamer\u201cVeracruz no solo exporta materias primas; exporta talento, calidad y el esfuerzo de<\/p>\n\n\n\n<p>nuestra gente. Bajo encomienda de la gobernadora Roc\u00edo Nahle Garc\u00eda, estamos abriendo<\/p>\n\n\n\n<p>fronteras para que la marca Hecho en Veracruz sea sin\u00f3nimo de excelencia en los<\/p>\n\n\n\n<p>anaqueles de las principales cadenas de retail en Canad\u00e1\u201d. Agreg\u00f3 que no es un esfuerzo aislado, sino parte de una estrategia de justicia social para<\/p>\n\n\n\n<p>el campo, donde la profesionalizaci\u00f3n y la vinculaci\u00f3n comercial directa permiten que el<\/p>\n\n\n\n<p>beneficio econ\u00f3mico llegue directamente a los bolsillos de las familias veracruzanas. Como parte de la agenda, coincidi\u00f3 con el C\u00f3nsul General de M\u00e9xico en Montreal, V\u00edctor<\/p>\n\n\n\n<p>Manuel Trevi\u00f1o Escudero, con quien abord\u00f3 acciones para fortalecer la promoci\u00f3n<\/p>\n\n\n\n<p>econ\u00f3mica y los v\u00ednculos comerciales.<\/p>\n\n\n\n<p>SIAL Canada re\u00fane a m\u00e1s de mil expositores de 50 pa\u00edses y a m\u00e1s de 25 mil profesionales<\/p>\n\n\n\n<p>del sector, consolid\u00e1ndose como una plataforma estrat\u00e9gica para la generaci\u00f3n de<\/p>\n\n\n\n<p>negocios, alianzas comerciales y an\u00e1lisis de tendencias globales en la industria alimentaria.<\/p>\n\n\n\n<p><\/p>\n","protected":false},"excerpt":{"rendered":"<p>&gt;Representa el 6% del comercio estatal y crece 19% en exportaciones. &gt;Caf\u00e9, c\u00edtricos, vainilla y alimentos procesados lideran la oferta<\/p>\n","protected":false},"author":2,"featured_media":48987,"comment_status":"open","ping_status":"open","sticky":false,"template":"","format":"standard","meta":{"colormag_page_container_layout":"default_layout","colormag_page_sidebar_layout":"default_layout","footnotes":""},"categories":[4],"tags":[],"class_list":["post-48986","post","type-post","status-publish","format-standard","has-post-thumbnail","hentry","category-estatal"],"_links":{"self":[{"href":"http:\/\/vocesver.com\/noticias\/wp-json\/wp\/v2\/posts\/48986","targetHints":{"allow":["GET"]}}],"collection":[{"href":"http:\/\/vocesver.com\/noticias\/wp-json\/wp\/v2\/posts"}],"about":[{"href":"http:\/\/vocesver.com\/noticias\/wp-json\/wp\/v2\/types\/post"}],"author":[{"embeddable":true,"href":"http:\/\/vocesver.com\/noticias\/wp-json\/wp\/v2\/users\/2"}],"replies":[{"embeddable":true,"href":"http:\/\/vocesver.com\/noticias\/wp-json\/wp\/v2\/comments?post=48986"}],"version-history":[{"count":1,"href":"http:\/\/vocesver.com\/noticias\/wp-json\/wp\/v2\/posts\/48986\/revisions"}],"predecessor-version":[{"id":48988,"href":"http:\/\/vocesver.com\/noticias\/wp-json\/wp\/v2\/posts\/48986\/revisions\/48988"}],"wp:featuredmedia":[{"embeddable":true,"href":"http:\/\/vocesver.com\/noticias\/wp-json\/wp\/v2\/media\/48987"}],"wp:attachment":[{"href":"http:\/\/vocesver.com\/noticias\/wp-json\/wp\/v2\/media?parent=48986"}],"wp:term":[{"taxonomy":"category","embeddable":true,"href":"http:\/\/vocesver.com\/noticias\/wp-json\/wp\/v2\/categories?post=48986"},{"taxonomy":"post_tag","embeddable":true,"href":"http:\/\/vocesver.com\/noticias\/wp-json\/wp\/v2\/tags?post=48986"}],"curies":[{"name":"wp","href":"https:\/\/api.w.org\/{rel}","templated":true}]}}