{"id":48982,"date":"2026-04-30T13:02:53","date_gmt":"2026-04-30T13:02:53","guid":{"rendered":"http:\/\/vocesver.com\/noticias\/?p=48982"},"modified":"2026-04-30T13:03:07","modified_gmt":"2026-04-30T13:03:07","slug":"suspende-ayuntamiento-de-veracruz-cobro-de-parquimetros-este-1-de-mayo","status":"publish","type":"post","link":"http:\/\/vocesver.com\/noticias\/suspende-ayuntamiento-de-veracruz-cobro-de-parquimetros-este-1-de-mayo\/","title":{"rendered":"Suspende Ayuntamiento de Veracruz cobro de parqu\u00edmetros este 1 de mayo."},"content":{"rendered":"\n<p><\/p>\n\n\n\n<p>Ausencio Rivera \/Vocesver. con\/noticias<\/p>\n\n\n\n<p>Veracruz, Ver.. A 29 de Abril 2026.&nbsp;<\/p>\n\n\n\n<p>La direcci\u00f3n de Tr\u00e1nsito y Vialidad Municipal de Veracruz informa a la ciudadan\u00eda que este viernes 1 de mayo no se realizar\u00e1 el cobro de parqu\u00edmetros en la ciudad, con motivo del D\u00eda del Trabajo, conforme a lo establecido en el calendario oficial de d\u00edas de descanso obligatorio.<\/p>\n\n\n\n<p>El servicio ser\u00e1 suspendido durante toda la jornada del viernes, por lo que las y los usuarios podr\u00e1n utilizar los espacios sin realizar pago. Esta disposici\u00f3n aplica en todas las zonas donde opera el sistema de parqu\u00edmetros en el municipio.<\/p>\n\n\n\n<p>Para el fin de semana, el servicio operar\u00e1 de manera habitual: el s\u00e1bado en horario de 8:00 a 15:00 horas, mientras que el domingo no se realiza cobro. Se exhorta a la ciudadan\u00eda a tomar las debidas precauciones y considerar estos horarios en sus traslados.<\/p>\n","protected":false},"excerpt":{"rendered":"<p>Ausencio Rivera \/Vocesver. con\/noticias Veracruz, Ver.. A 29 de Abril 2026.&nbsp; La direcci\u00f3n de Tr\u00e1nsito y Vialidad Municipal de Veracruz<\/p>\n","protected":false},"author":2,"featured_media":48983,"comment_status":"open","ping_status":"open","sticky":false,"template":"","format":"standard","meta":{"colormag_page_container_layout":"default_layout","colormag_page_sidebar_layout":"default_layout","footnotes":""},"categories":[2],"tags":[],"class_list":["post-48982","post","type-post","status-publish","format-standard","has-post-thumbnail","hentry","category-infogral"],"_links":{"self":[{"href":"http:\/\/vocesver.com\/noticias\/wp-json\/wp\/v2\/posts\/48982","targetHints":{"allow":["GET"]}}],"collection":[{"href":"http:\/\/vocesver.com\/noticias\/wp-json\/wp\/v2\/posts"}],"about":[{"href":"http:\/\/vocesver.com\/noticias\/wp-json\/wp\/v2\/types\/post"}],"author":[{"embeddable":true,"href":"http:\/\/vocesver.com\/noticias\/wp-json\/wp\/v2\/users\/2"}],"replies":[{"embeddable":true,"href":"http:\/\/vocesver.com\/noticias\/wp-json\/wp\/v2\/comments?post=48982"}],"version-history":[{"count":2,"href":"http:\/\/vocesver.com\/noticias\/wp-json\/wp\/v2\/posts\/48982\/revisions"}],"predecessor-version":[{"id":48985,"href":"http:\/\/vocesver.com\/noticias\/wp-json\/wp\/v2\/posts\/48982\/revisions\/48985"}],"wp:featuredmedia":[{"embeddable":true,"href":"http:\/\/vocesver.com\/noticias\/wp-json\/wp\/v2\/media\/48983"}],"wp:attachment":[{"href":"http:\/\/vocesver.com\/noticias\/wp-json\/wp\/v2\/media?parent=48982"}],"wp:term":[{"taxonomy":"category","embeddable":true,"href":"http:\/\/vocesver.com\/noticias\/wp-json\/wp\/v2\/categories?post=48982"},{"taxonomy":"post_tag","embeddable":true,"href":"http:\/\/vocesver.com\/noticias\/wp-json\/wp\/v2\/tags?post=48982"}],"curies":[{"name":"wp","href":"https:\/\/api.w.org\/{rel}","templated":true}]}}