{"id":48977,"date":"2026-04-30T12:59:24","date_gmt":"2026-04-30T12:59:24","guid":{"rendered":"http:\/\/vocesver.com\/noticias\/?p=48977"},"modified":"2026-04-30T12:59:55","modified_gmt":"2026-04-30T12:59:55","slug":"encabeza-alcaldesa-de-veracruz-limpieza-de-departamentos-afectados-por-incendio","status":"publish","type":"post","link":"http:\/\/vocesver.com\/noticias\/encabeza-alcaldesa-de-veracruz-limpieza-de-departamentos-afectados-por-incendio\/","title":{"rendered":"Encabeza alcaldesa de Veracruz limpieza de departamentos afectados por incendio."},"content":{"rendered":"\n<p><\/p>\n\n\n\n<p>***El gobierno municipal brinda acompa\u00f1amiento integral a familias damnificadas por incendio.<\/p>\n\n\n\n<p>Ausencio Rivera \/Vocesver. vom\/noticias<\/p>\n\n\n\n<p>Veracruz, Ver. A 29 de Abril 2026.&nbsp;<\/p>\n\n\n\n<p>La presidenta municipal de Veracruz, Rosa Mar\u00eda Hern\u00e1ndez Espejo, encabez\u00f3 una jornada de limpieza en el fraccionamiento Rinc\u00f3n de Palma Real, en apoyo a las personas cuyas viviendas resultaron afectadas por un incendio ocurrido hace tres semanas.<\/p>\n\n\n\n<p>Cabe destacar que, desde el momento del siniestro, la alcaldesa instruy\u00f3 el despliegue de un operativo de atenci\u00f3n integral para brindar acompa\u00f1amiento a las personas afectadas, con la intervenci\u00f3n de diversas \u00e1reas municipales.<\/p>\n\n\n\n<p>Durante la jornada de este d\u00eda, se realizaron trabajos de limpieza en los departamentos afectados, retiro de escombros y mantenimiento en \u00e1reas comunes, con la colaboraci\u00f3n coordinada de las direcciones de Limpia P\u00fablica, Protecci\u00f3n Civil, Espacios P\u00fablicos, Gobernaci\u00f3n, Atenci\u00f3n y Participaci\u00f3n Ciudadana, y Bienestar.<\/p>\n\n\n\n<p>El gobierno municipal refrenda su compromiso de mantenerse cercano a la ciudadan\u00eda, brindando atenci\u00f3n directa y oportuna, y dando seguimiento a las acciones para que las familias afectadas puedan volver a la normalidad.<\/p>\n","protected":false},"excerpt":{"rendered":"<p>***El gobierno municipal brinda acompa\u00f1amiento integral a familias damnificadas por incendio. Ausencio Rivera \/Vocesver. vom\/noticias Veracruz, Ver. A 29 de<\/p>\n","protected":false},"author":2,"featured_media":48979,"comment_status":"open","ping_status":"open","sticky":false,"template":"","format":"standard","meta":{"colormag_page_container_layout":"default_layout","colormag_page_sidebar_layout":"default_layout","footnotes":""},"categories":[2],"tags":[],"class_list":["post-48977","post","type-post","status-publish","format-standard","has-post-thumbnail","hentry","category-infogral"],"_links":{"self":[{"href":"http:\/\/vocesver.com\/noticias\/wp-json\/wp\/v2\/posts\/48977","targetHints":{"allow":["GET"]}}],"collection":[{"href":"http:\/\/vocesver.com\/noticias\/wp-json\/wp\/v2\/posts"}],"about":[{"href":"http:\/\/vocesver.com\/noticias\/wp-json\/wp\/v2\/types\/post"}],"author":[{"embeddable":true,"href":"http:\/\/vocesver.com\/noticias\/wp-json\/wp\/v2\/users\/2"}],"replies":[{"embeddable":true,"href":"http:\/\/vocesver.com\/noticias\/wp-json\/wp\/v2\/comments?post=48977"}],"version-history":[{"count":2,"href":"http:\/\/vocesver.com\/noticias\/wp-json\/wp\/v2\/posts\/48977\/revisions"}],"predecessor-version":[{"id":48981,"href":"http:\/\/vocesver.com\/noticias\/wp-json\/wp\/v2\/posts\/48977\/revisions\/48981"}],"wp:featuredmedia":[{"embeddable":true,"href":"http:\/\/vocesver.com\/noticias\/wp-json\/wp\/v2\/media\/48979"}],"wp:attachment":[{"href":"http:\/\/vocesver.com\/noticias\/wp-json\/wp\/v2\/media?parent=48977"}],"wp:term":[{"taxonomy":"category","embeddable":true,"href":"http:\/\/vocesver.com\/noticias\/wp-json\/wp\/v2\/categories?post=48977"},{"taxonomy":"post_tag","embeddable":true,"href":"http:\/\/vocesver.com\/noticias\/wp-json\/wp\/v2\/tags?post=48977"}],"curies":[{"name":"wp","href":"https:\/\/api.w.org\/{rel}","templated":true}]}}