{"id":48972,"date":"2026-04-29T13:51:04","date_gmt":"2026-04-29T13:51:04","guid":{"rendered":"http:\/\/vocesver.com\/noticias\/?p=48972"},"modified":"2026-04-29T13:51:29","modified_gmt":"2026-04-29T13:51:29","slug":"ratifica-rosa-maria-hernandez-espejo-su-respaldo-a-la-gobernadora-rocio-nahle-y-llama-a-la-unidad","status":"publish","type":"post","link":"http:\/\/vocesver.com\/noticias\/ratifica-rosa-maria-hernandez-espejo-su-respaldo-a-la-gobernadora-rocio-nahle-y-llama-a-la-unidad\/","title":{"rendered":"Ratifica Rosa Mar\u00eda Hern\u00e1ndez Espejo su respaldo a la gobernadora Roc\u00edo Nahle y llama a la unidad."},"content":{"rendered":"\n<p><\/p>\n\n\n\n<p>Ausencio Rivera \/Vocesver. com\/noticias<\/p>\n\n\n\n<p>Veracruz, Ver. A 28 de Abril 2026&nbsp;<\/p>\n\n\n\n<p>Ante las declaraciones del exdiputado local Atanasio Garc\u00eda Dur\u00e1n en torno a la gobernadora Roc\u00edo Nahle Garc\u00eda, Rosa Mar\u00eda Hern\u00e1ndez Espejo se\u00f1al\u00f3 que este tipo de expresiones no abonan a la unidad y, por el contrario, favorecen a quienes buscan la divisi\u00f3n dentro del movimiento de la transformaci\u00f3n.<\/p>\n\n\n\n<p>A t\u00edtulo personal y como militante, subray\u00f3 que no es momento de confundir ni de confrontar al pueblo de Veracruz, sino de mantener el rumbo con responsabilidad y claridad en favor de la ciudadan\u00eda.<\/p>\n\n\n\n<p>Asimismo, la tambi\u00e9n alcaldesa de Veracruz, expres\u00f3 su respaldo firme a la mandataria estatal, reconociendo su trabajo con convicci\u00f3n por el bienestar del estado, en coordinaci\u00f3n con la presidenta Claudia Sheinbaum Pardo.<\/p>\n\n\n\n<p>Finalmente, reiter\u00f3 el llamado a la unidad y a fortalecer el movimiento desde la congruencia, as\u00ed como a defender a la gente con hechos, como lo ha venido haciendo la mandataria estatal &nbsp;al impulsar la transformaci\u00f3n de Veracruz.<\/p>\n","protected":false},"excerpt":{"rendered":"<p>Ausencio Rivera \/Vocesver. com\/noticias Veracruz, Ver. A 28 de Abril 2026&nbsp; Ante las declaraciones del exdiputado local Atanasio Garc\u00eda Dur\u00e1n<\/p>\n","protected":false},"author":2,"featured_media":48973,"comment_status":"open","ping_status":"open","sticky":false,"template":"","format":"standard","meta":{"colormag_page_container_layout":"default_layout","colormag_page_sidebar_layout":"default_layout","footnotes":""},"categories":[2],"tags":[],"class_list":["post-48972","post","type-post","status-publish","format-standard","has-post-thumbnail","hentry","category-infogral"],"_links":{"self":[{"href":"http:\/\/vocesver.com\/noticias\/wp-json\/wp\/v2\/posts\/48972","targetHints":{"allow":["GET"]}}],"collection":[{"href":"http:\/\/vocesver.com\/noticias\/wp-json\/wp\/v2\/posts"}],"about":[{"href":"http:\/\/vocesver.com\/noticias\/wp-json\/wp\/v2\/types\/post"}],"author":[{"embeddable":true,"href":"http:\/\/vocesver.com\/noticias\/wp-json\/wp\/v2\/users\/2"}],"replies":[{"embeddable":true,"href":"http:\/\/vocesver.com\/noticias\/wp-json\/wp\/v2\/comments?post=48972"}],"version-history":[{"count":2,"href":"http:\/\/vocesver.com\/noticias\/wp-json\/wp\/v2\/posts\/48972\/revisions"}],"predecessor-version":[{"id":48975,"href":"http:\/\/vocesver.com\/noticias\/wp-json\/wp\/v2\/posts\/48972\/revisions\/48975"}],"wp:featuredmedia":[{"embeddable":true,"href":"http:\/\/vocesver.com\/noticias\/wp-json\/wp\/v2\/media\/48973"}],"wp:attachment":[{"href":"http:\/\/vocesver.com\/noticias\/wp-json\/wp\/v2\/media?parent=48972"}],"wp:term":[{"taxonomy":"category","embeddable":true,"href":"http:\/\/vocesver.com\/noticias\/wp-json\/wp\/v2\/categories?post=48972"},{"taxonomy":"post_tag","embeddable":true,"href":"http:\/\/vocesver.com\/noticias\/wp-json\/wp\/v2\/tags?post=48972"}],"curies":[{"name":"wp","href":"https:\/\/api.w.org\/{rel}","templated":true}]}}