{"id":48968,"date":"2026-04-29T13:44:43","date_gmt":"2026-04-29T13:44:43","guid":{"rendered":"http:\/\/vocesver.com\/noticias\/?p=48968"},"modified":"2026-04-29T13:45:51","modified_gmt":"2026-04-29T13:45:51","slug":"cumple-rocio-nahle-su-palabra-entrega-la-totalidad-de-la-carretera-isla-santiago","status":"publish","type":"post","link":"http:\/\/vocesver.com\/noticias\/cumple-rocio-nahle-su-palabra-entrega-la-totalidad-de-la-carretera-isla-santiago\/","title":{"rendered":"Cumple Roc\u00edo Nahle su palabra: entrega la totalidad de la carretera Isla\u2013Santiago"},"content":{"rendered":"\n<p>Tuxtla<\/p>\n\n\n\n<p>&gt;Gestiona reencarpetado reforzado en la 180.<\/p>\n\n\n\n<p>&gt;Inicia rehabilitaci\u00f3n de Dos Caminos\u2013Tres Zapotes y San Andr\u00e9s\u2013Roca Partida.<\/p>\n\n\n\n<p>Vocesver. com\/noticias&nbsp;<\/p>\n\n\n\n<p>Santiago Tuxtla, Ver., martes 28 de abril de 2026.\u2013 El Gobierno del Estado entreg\u00f3 la<\/p>\n\n\n\n<p>reconstrucci\u00f3n del tramo Santiago Tuxtla\u2013entronque con la Carretera Federal 145D, con<\/p>\n\n\n\n<p>una longitud de 46.26 kil\u00f3metros, completando as\u00ed el proyecto integral de 60 kil\u00f3metros<\/p>\n\n\n\n<p>que conecta a Isla con Santiago Tuxtla.<\/p>\n\n\n\n<p>\u201cEsta fue la primera obra a la que me compromet\u00ed. La gente me pidi\u00f3 una sola cosa: la<\/p>\n\n\n\n<p>carretera de Isla a Santiago Tuxtla, y les dije que s\u00ed, que la \u00edbamos a hacer completa. Hoy<\/p>\n\n\n\n<p>es una realidad: palabra cumplida\u201d, subray\u00f3 la gobernadora Roc\u00edo Nahle Garc\u00eda.<\/p>\n\n\n\n<p>Destac\u00f3 que la v\u00eda es estrat\u00e9gica, ya que conecta a Santiago Tuxtla, San Andr\u00e9s Tuxtla y<\/p>\n\n\n\n<p>Catemaco, as\u00ed como a la regi\u00f3n de la Cuenca del Papaloapan, facilitando el traslado de<\/p>\n\n\n\n<p>personas, productos y servicios, tras m\u00e1s de 25 a\u00f1os sin intervenci\u00f3n mayor.<\/p>\n\n\n\n<p>\u201cLos impuestos de ustedes est\u00e1n aqu\u00ed, en esta v\u00eda. Veracruz merece estar en el lugar que<\/p>\n\n\n\n<p>le corresponde\u201d, expres\u00f3 ante la poblaci\u00f3n que la acompa\u00f1\u00f3.Asimismo, inform\u00f3 que, en coordinaci\u00f3n con la Secretar\u00eda de Infraestructura,<\/p>\n\n\n\n<p>Comunicaciones y Transportes, se intervendr\u00e1 nuevamente la Carretera Federal 180, en<\/p>\n\n\n\n<p>el tramo Santiago Tuxtla\u2013San Andr\u00e9s Tuxtla, con un reencarpetado de mayor resistencia<\/p>\n\n\n\n<p>que permita enfrentar las lluvias y garantizar mejores condiciones de tr\u00e1nsito.<\/p>\n\n\n\n<p>Como parte de su gira de trabajo, la Mandataria dio el banderazo de inicio para la<\/p>\n\n\n\n<p>rehabilitaci\u00f3n de Dos Caminos\u2013Tres Zapotes\u2013entronque con la Carretera Federal 179, as\u00ed<\/p>\n\n\n\n<p>como San Andr\u00e9s Tuxtla\u2013Roca Partida.<\/p>\n\n\n\n<p>Adem\u00e1s, subray\u00f3 que \u201cVeracruz ya no es sin\u00f3nimo de esc\u00e1ndalo ni de atraso; es sin\u00f3nimo<\/p>\n\n\n\n<p>de gente trabajadora y capaz. Y a nuestra gente le respondemos con trabajo y resultados\u201d,<\/p>\n\n\n\n<p>afirm\u00f3.<\/p>\n\n\n\n<p>Acompa\u00f1aron a la Gobernadora el secretario de Infraestructura y Obras P\u00fablicas,<\/p>\n\n\n\n<p>Leonardo Cornejo Serrano; la diputada federal Paola Tenorio Adame; la diputada local<\/p>\n\n\n\n<p>Janix Liliana Castro Mu\u00f1oz, y autoridades municipales de la regi\u00f3n.<\/p>\n\n\n\n<p><\/p>\n","protected":false},"excerpt":{"rendered":"<p>Tuxtla &gt;Gestiona reencarpetado reforzado en la 180. &gt;Inicia rehabilitaci\u00f3n de Dos Caminos\u2013Tres Zapotes y San Andr\u00e9s\u2013Roca Partida. Vocesver. com\/noticias&nbsp; Santiago<\/p>\n","protected":false},"author":2,"featured_media":48969,"comment_status":"open","ping_status":"open","sticky":false,"template":"","format":"standard","meta":{"colormag_page_container_layout":"default_layout","colormag_page_sidebar_layout":"default_layout","footnotes":""},"categories":[4],"tags":[],"class_list":["post-48968","post","type-post","status-publish","format-standard","has-post-thumbnail","hentry","category-estatal"],"_links":{"self":[{"href":"http:\/\/vocesver.com\/noticias\/wp-json\/wp\/v2\/posts\/48968","targetHints":{"allow":["GET"]}}],"collection":[{"href":"http:\/\/vocesver.com\/noticias\/wp-json\/wp\/v2\/posts"}],"about":[{"href":"http:\/\/vocesver.com\/noticias\/wp-json\/wp\/v2\/types\/post"}],"author":[{"embeddable":true,"href":"http:\/\/vocesver.com\/noticias\/wp-json\/wp\/v2\/users\/2"}],"replies":[{"embeddable":true,"href":"http:\/\/vocesver.com\/noticias\/wp-json\/wp\/v2\/comments?post=48968"}],"version-history":[{"count":1,"href":"http:\/\/vocesver.com\/noticias\/wp-json\/wp\/v2\/posts\/48968\/revisions"}],"predecessor-version":[{"id":48971,"href":"http:\/\/vocesver.com\/noticias\/wp-json\/wp\/v2\/posts\/48968\/revisions\/48971"}],"wp:featuredmedia":[{"embeddable":true,"href":"http:\/\/vocesver.com\/noticias\/wp-json\/wp\/v2\/media\/48969"}],"wp:attachment":[{"href":"http:\/\/vocesver.com\/noticias\/wp-json\/wp\/v2\/media?parent=48968"}],"wp:term":[{"taxonomy":"category","embeddable":true,"href":"http:\/\/vocesver.com\/noticias\/wp-json\/wp\/v2\/categories?post=48968"},{"taxonomy":"post_tag","embeddable":true,"href":"http:\/\/vocesver.com\/noticias\/wp-json\/wp\/v2\/tags?post=48968"}],"curies":[{"name":"wp","href":"https:\/\/api.w.org\/{rel}","templated":true}]}}