{"id":48948,"date":"2026-04-27T12:57:12","date_gmt":"2026-04-27T12:57:12","guid":{"rendered":"http:\/\/vocesver.com\/noticias\/?p=48948"},"modified":"2026-04-27T12:59:57","modified_gmt":"2026-04-27T12:59:57","slug":"cabalgata-reune-a-3-mil-jinetes-y-caballos-en-el-cierre-del-congreso-del-caballo","status":"publish","type":"post","link":"http:\/\/vocesver.com\/noticias\/cabalgata-reune-a-3-mil-jinetes-y-caballos-en-el-cierre-del-congreso-del-caballo\/","title":{"rendered":"Cabalgata re\u00fane a 3 mil jinetes y caballos en el cierre del Congreso del Caballo."},"content":{"rendered":"\n<p><\/p>\n\n\n\n<p>&gt;Una celebraci\u00f3n de tradici\u00f3n, historia y comunidad ecuestre con participaci\u00f3n de todo<\/p>\n\n\n\n<p>el estado.<\/p>\n\n\n\n<p>Ausencio Rivera\/Vocesver.com\/noticias&nbsp;<\/p>\n\n\n\n<p>Veracruz, domingo 26 de abril de 2026.- Alrededor de 3 mil binomios jinete-caballo,<\/p>\n\n\n\n<p>provenientes de distintas regiones de la entidad, participaron en la cabalgata que marc\u00f3 el<\/p>\n\n\n\n<p>cierre del Primer Congreso Nacional del Caballo Veracruz 2026, consolid\u00e1ndose como<\/p>\n\n\n\n<p>una de las actividades m\u00e1s emblem\u00e1ticas y concurridas del encuentro.<\/p>\n\n\n\n<p>La cabalgata se erigi\u00f3 como una expresi\u00f3n de identidad, convivencia y arraigo ecuestre, al<\/p>\n\n\n\n<p>propiciar un espacio de encuentro social en torno a una pr\u00e1ctica profundamente<\/p>\n\n\n\n<p>vinculada con la cultura veracruzana.<\/p>\n\n\n\n<p>Como integrante del comit\u00e9 organizador y jinete, Manuel D\u00edaz Rivera destac\u00f3, \u201ces una<\/p>\n\n\n\n<p>forma de celebrar al caballo, de mostrarlo y de convivir. Cuando te montas, dejas de ser<\/p>\n\n\n\n<p>solo t\u00fa: eres t\u00fa con tu caballo; se construye otra identidad, otra manera de mirar la vida\u201d.<\/p>\n\n\n\n<p>Su realizaci\u00f3n se vincula tambi\u00e9n con la conmemoraci\u00f3n del D\u00eda Estatal del Caballo,<\/p>\n\n\n\n<p>instaurado por el Congreso del Estado de Veracruz en referencia al 22 de abril de 1519,<\/p>\n\n\n\n<p>fecha asociada al regreso del caballo al continente americano con la llegada de Hern\u00e1n<\/p>\n\n\n\n<p>Cort\u00e9s, hecho que marc\u00f3 un punto de inflexi\u00f3n en los procesos hist\u00f3ricos, econ\u00f3micos y<\/p>\n\n\n\n<p>culturales de la regi\u00f3n. Veracruz se distingue como referente hist\u00f3rico y contempor\u00e1neo en el \u00e1mbito ecuestre y<\/p>\n\n\n\n<p>ganadero; no solo por su tradici\u00f3n en la crianza y manejo de ganado, sino por su<\/p>\n\n\n\n<p>aportaci\u00f3n al desarrollo de nuevas razas y pr\u00e1cticas especializadas.<\/p>\n\n\n\n<p>En este contexto, el Congreso Nacional fue escenario de acontecimientos relevantes, como<\/p>\n\n\n\n<p>la realizaci\u00f3n de la Copa Veracruz de Caballos Bailadores y el Primer Juzgamiento del<\/p>\n\n\n\n<p>caballo iberoamericano, raza originaria del estado.<\/p>\n\n\n\n<p>El evento super\u00f3 las expectativas al integrar actividades acad\u00e9micas, culturales y<\/p>\n\n\n\n<p>recreativas dirigidas a p\u00fablicos diversos, posicion\u00e1ndose como uno de los encuentros<\/p>\n\n\n\n<p>ecuestres m\u00e1s relevantes del pa\u00eds.<\/p>\n\n\n\n<p>Su realizaci\u00f3n fue posible gracias al respaldo del Gobierno del Estado, que impulsa eventos<\/p>\n\n\n\n<p>gratuitos e incluyentes orientados al fortalecimiento de la identidad cultural y al desarrollo<\/p>\n\n\n\n<p>del sector ecuestre.<\/p>\n\n\n\n<p>El Primer Congreso Nacional del Caballo sienta las bases para futuras ediciones, con el<\/p>\n\n\n\n<p>prop\u00f3sito de continuar promoviendo la tradici\u00f3n, la innovaci\u00f3n y el reconocimiento del<\/p>\n\n\n\n<p>caballo como elemento fundamental del patrimonio cultural de M\u00e9xico.<\/p>\n\n\n\n<p><\/p>\n","protected":false},"excerpt":{"rendered":"<p>&gt;Una celebraci\u00f3n de tradici\u00f3n, historia y comunidad ecuestre con participaci\u00f3n de todo el estado. Ausencio Rivera\/Vocesver.com\/noticias&nbsp; Veracruz, domingo 26 de<\/p>\n","protected":false},"author":2,"featured_media":48949,"comment_status":"open","ping_status":"open","sticky":false,"template":"","format":"standard","meta":{"colormag_page_container_layout":"default_layout","colormag_page_sidebar_layout":"default_layout","footnotes":""},"categories":[2],"tags":[],"class_list":["post-48948","post","type-post","status-publish","format-standard","has-post-thumbnail","hentry","category-infogral"],"_links":{"self":[{"href":"http:\/\/vocesver.com\/noticias\/wp-json\/wp\/v2\/posts\/48948","targetHints":{"allow":["GET"]}}],"collection":[{"href":"http:\/\/vocesver.com\/noticias\/wp-json\/wp\/v2\/posts"}],"about":[{"href":"http:\/\/vocesver.com\/noticias\/wp-json\/wp\/v2\/types\/post"}],"author":[{"embeddable":true,"href":"http:\/\/vocesver.com\/noticias\/wp-json\/wp\/v2\/users\/2"}],"replies":[{"embeddable":true,"href":"http:\/\/vocesver.com\/noticias\/wp-json\/wp\/v2\/comments?post=48948"}],"version-history":[{"count":1,"href":"http:\/\/vocesver.com\/noticias\/wp-json\/wp\/v2\/posts\/48948\/revisions"}],"predecessor-version":[{"id":48950,"href":"http:\/\/vocesver.com\/noticias\/wp-json\/wp\/v2\/posts\/48948\/revisions\/48950"}],"wp:featuredmedia":[{"embeddable":true,"href":"http:\/\/vocesver.com\/noticias\/wp-json\/wp\/v2\/media\/48949"}],"wp:attachment":[{"href":"http:\/\/vocesver.com\/noticias\/wp-json\/wp\/v2\/media?parent=48948"}],"wp:term":[{"taxonomy":"category","embeddable":true,"href":"http:\/\/vocesver.com\/noticias\/wp-json\/wp\/v2\/categories?post=48948"},{"taxonomy":"post_tag","embeddable":true,"href":"http:\/\/vocesver.com\/noticias\/wp-json\/wp\/v2\/tags?post=48948"}],"curies":[{"name":"wp","href":"https:\/\/api.w.org\/{rel}","templated":true}]}}