{"id":48945,"date":"2026-04-27T12:53:30","date_gmt":"2026-04-27T12:53:30","guid":{"rendered":"http:\/\/vocesver.com\/noticias\/?p=48945"},"modified":"2026-04-27T12:54:03","modified_gmt":"2026-04-27T12:54:03","slug":"ayuntamiento-de-veracruz-alista-gran-festejo-para-celebrar-el-dia-del-nino-y-la-nina","status":"publish","type":"post","link":"http:\/\/vocesver.com\/noticias\/ayuntamiento-de-veracruz-alista-gran-festejo-para-celebrar-el-dia-del-nino-y-la-nina\/","title":{"rendered":"Ayuntamiento de Veracruz alista gran festejo para celebrar el D\u00eda del Ni\u00f1o y la Ni\u00f1a."},"content":{"rendered":"\n<p><\/p>\n\n\n\n<p>***Desfile de globoflexia y concierto de la Orquesta Moscovita de la UV para el disfrute de la ni\u00f1ez veracruzana.<\/p>\n\n\n\n<p>Ausencio Rivera \/Vocesver. com\/noticias<\/p>\n\n\n\n<p>Veracruz, Ver a 26 de Abril 2026.&nbsp;<\/p>\n\n\n\n<p>El Ayuntamiento de Veracruz y el DIF Municipal festejar\u00e1n este 30 de abril a la ni\u00f1ez de la ciudad en una tarde de convivencia familiar y alegr\u00eda, en un evento pensado para reconocer la importancia de las ni\u00f1as y los ni\u00f1os y promover espacios de sana recreaci\u00f3n para las familias veracruzanas.<\/p>\n\n\n\n<p>El gobierno municipal invita a la ciudadan\u00eda a sumarse a este festejo que busca generar momentos de convivencia y esparcimiento, fortaleciendo la uni\u00f3n familiar y el disfrute de los espacios p\u00fablicos en un ambiente seguro y accesible para todas y todos.<\/p>\n\n\n\n<p>Las actividades inician con un desfile de globoflexia sobre la avenida Independencia desde el Tranv\u00eda del Recuerdo a partir de las 17:30 horas, donde se presentar\u00e1n figuras creativas y un recorrido lleno de color por el Centro Hist\u00f3rico que dar\u00e1 inicio a la jornada festiva.<\/p>\n\n\n\n<p>Posteriormente, el concierto did\u00e1ctico de la Orquesta Moscovita de la Universidad Veracruzana (UV) en el Z\u00f3calo porte\u00f1o a las 19:00 horas permitir\u00e1 a las familias disfrutar del talento art\u00edstico, en una oportunidad \u00fanica para las y los peque\u00f1os aprendan sobre m\u00fasica en forma divertida.<\/p>\n","protected":false},"excerpt":{"rendered":"<p>***Desfile de globoflexia y concierto de la Orquesta Moscovita de la UV para el disfrute de la ni\u00f1ez veracruzana. Ausencio<\/p>\n","protected":false},"author":2,"featured_media":48946,"comment_status":"open","ping_status":"open","sticky":false,"template":"","format":"standard","meta":{"colormag_page_container_layout":"default_layout","colormag_page_sidebar_layout":"default_layout","footnotes":""},"categories":[2],"tags":[],"class_list":["post-48945","post","type-post","status-publish","format-standard","has-post-thumbnail","hentry","category-infogral"],"_links":{"self":[{"href":"http:\/\/vocesver.com\/noticias\/wp-json\/wp\/v2\/posts\/48945","targetHints":{"allow":["GET"]}}],"collection":[{"href":"http:\/\/vocesver.com\/noticias\/wp-json\/wp\/v2\/posts"}],"about":[{"href":"http:\/\/vocesver.com\/noticias\/wp-json\/wp\/v2\/types\/post"}],"author":[{"embeddable":true,"href":"http:\/\/vocesver.com\/noticias\/wp-json\/wp\/v2\/users\/2"}],"replies":[{"embeddable":true,"href":"http:\/\/vocesver.com\/noticias\/wp-json\/wp\/v2\/comments?post=48945"}],"version-history":[{"count":1,"href":"http:\/\/vocesver.com\/noticias\/wp-json\/wp\/v2\/posts\/48945\/revisions"}],"predecessor-version":[{"id":48947,"href":"http:\/\/vocesver.com\/noticias\/wp-json\/wp\/v2\/posts\/48945\/revisions\/48947"}],"wp:featuredmedia":[{"embeddable":true,"href":"http:\/\/vocesver.com\/noticias\/wp-json\/wp\/v2\/media\/48946"}],"wp:attachment":[{"href":"http:\/\/vocesver.com\/noticias\/wp-json\/wp\/v2\/media?parent=48945"}],"wp:term":[{"taxonomy":"category","embeddable":true,"href":"http:\/\/vocesver.com\/noticias\/wp-json\/wp\/v2\/categories?post=48945"},{"taxonomy":"post_tag","embeddable":true,"href":"http:\/\/vocesver.com\/noticias\/wp-json\/wp\/v2\/tags?post=48945"}],"curies":[{"name":"wp","href":"https:\/\/api.w.org\/{rel}","templated":true}]}}