{"id":48933,"date":"2026-04-26T13:07:13","date_gmt":"2026-04-26T13:07:13","guid":{"rendered":"http:\/\/vocesver.com\/noticias\/?p=48933"},"modified":"2026-04-26T13:07:35","modified_gmt":"2026-04-26T13:07:35","slug":"retiran-134-toneladas-de-desechos-en-jornada-de-descacharrizacion-en-la-ciudad-de-veracruz","status":"publish","type":"post","link":"http:\/\/vocesver.com\/noticias\/retiran-134-toneladas-de-desechos-en-jornada-de-descacharrizacion-en-la-ciudad-de-veracruz\/","title":{"rendered":"Retiran 134 toneladas de desechos en jornada de descacharrizaci\u00f3n en la ciudad de Veracruz."},"content":{"rendered":"\n<p><\/p>\n\n\n\n<p>***Brigadas municipales y ciudadan\u00eda retiraron objetos en desuso en colonias que durante a\u00f1os no hab\u00edan recibido atenci\u00f3n integral<\/p>\n\n\n\n<p>Ausencio Rivera\/Vocesver.com\/noticias<\/p>\n\n\n\n<p>Veracruz, Ver. A 25 de Abril 2026&nbsp;<\/p>\n\n\n\n<p>Bajo el liderazgo de la alcaldesa Rosa Mar\u00eda Hern\u00e1ndez Espejo, el Ayuntamiento de Veracruz realiz\u00f3 una jornada de descacharrizaci\u00f3n este s\u00e1bado con brigadas municipales y gran colaboraci\u00f3n ciudadana en las colonias Formando Hogar, Pinitos, Independencia, Miguel Alem\u00e1n y Virgilio Uribe, donde se recolectaron 134 toneladas de objetos en desuso.<\/p>\n\n\n\n<p>Durante la jornada, vecinas y vecinos participaron activamente al sacar muebles, enseres y residuos acumulados, facilitando el trabajo de las brigadas, acciones que permiten eliminar focos de infecci\u00f3n, reducir la presencia de fauna nociva y prevenir enfermedades, mejorando de forma directa las condiciones sanitarias en estos sectores.<\/p>\n\n\n\n<p>La presidenta municipal exhort\u00f3 a mantener limpios los frentes de las viviendas y respetar los horarios de recolecci\u00f3n de basura, adem\u00e1s de hacer un llamado a cuidar calles, parques y \u00e1reas comunes, al ser espacios compartidos que influyen en la convivencia y forman parte del entorno cotidiano de las familias.<\/p>\n\n\n\n<p>Finalmente, destac\u00f3 que la participaci\u00f3n ciudadana es fundamental para avanzar en la transformaci\u00f3n del municipio mediante acciones constantes, al recordar que en los primeros meses de la administraci\u00f3n se han atendido alrededor de 30 colonias, manteniendo cercan\u00eda con la poblaci\u00f3n a trav\u00e9s de un gobierno presente en territorio.<\/p>\n","protected":false},"excerpt":{"rendered":"<p>***Brigadas municipales y ciudadan\u00eda retiraron objetos en desuso en colonias que durante a\u00f1os no hab\u00edan recibido atenci\u00f3n integral Ausencio Rivera\/Vocesver.com\/noticias<\/p>\n","protected":false},"author":2,"featured_media":48934,"comment_status":"open","ping_status":"open","sticky":false,"template":"","format":"standard","meta":{"colormag_page_container_layout":"default_layout","colormag_page_sidebar_layout":"default_layout","footnotes":""},"categories":[2],"tags":[],"class_list":["post-48933","post","type-post","status-publish","format-standard","has-post-thumbnail","hentry","category-infogral"],"_links":{"self":[{"href":"http:\/\/vocesver.com\/noticias\/wp-json\/wp\/v2\/posts\/48933","targetHints":{"allow":["GET"]}}],"collection":[{"href":"http:\/\/vocesver.com\/noticias\/wp-json\/wp\/v2\/posts"}],"about":[{"href":"http:\/\/vocesver.com\/noticias\/wp-json\/wp\/v2\/types\/post"}],"author":[{"embeddable":true,"href":"http:\/\/vocesver.com\/noticias\/wp-json\/wp\/v2\/users\/2"}],"replies":[{"embeddable":true,"href":"http:\/\/vocesver.com\/noticias\/wp-json\/wp\/v2\/comments?post=48933"}],"version-history":[{"count":1,"href":"http:\/\/vocesver.com\/noticias\/wp-json\/wp\/v2\/posts\/48933\/revisions"}],"predecessor-version":[{"id":48935,"href":"http:\/\/vocesver.com\/noticias\/wp-json\/wp\/v2\/posts\/48933\/revisions\/48935"}],"wp:featuredmedia":[{"embeddable":true,"href":"http:\/\/vocesver.com\/noticias\/wp-json\/wp\/v2\/media\/48934"}],"wp:attachment":[{"href":"http:\/\/vocesver.com\/noticias\/wp-json\/wp\/v2\/media?parent=48933"}],"wp:term":[{"taxonomy":"category","embeddable":true,"href":"http:\/\/vocesver.com\/noticias\/wp-json\/wp\/v2\/categories?post=48933"},{"taxonomy":"post_tag","embeddable":true,"href":"http:\/\/vocesver.com\/noticias\/wp-json\/wp\/v2\/tags?post=48933"}],"curies":[{"name":"wp","href":"https:\/\/api.w.org\/{rel}","templated":true}]}}