{"id":48930,"date":"2026-04-26T13:03:54","date_gmt":"2026-04-26T13:03:54","guid":{"rendered":"http:\/\/vocesver.com\/noticias\/?p=48930"},"modified":"2026-04-26T13:04:09","modified_gmt":"2026-04-26T13:04:09","slug":"listas-albercas-municipales-de-veracruz-para-clases-de-natacion-gratuitas","status":"publish","type":"post","link":"http:\/\/vocesver.com\/noticias\/listas-albercas-municipales-de-veracruz-para-clases-de-natacion-gratuitas\/","title":{"rendered":"Listas albercas municipales de Veracruz para clases de nataci\u00f3n gratuitas."},"content":{"rendered":"\n<p><\/p>\n\n\n\n<p>***Como parte del impulso al deporte y al desarrollo de la ni\u00f1ez, el Ayuntamiento de Veracruz inicia de forma escalonada las actividades para m\u00e1s de 800 ni\u00f1as y ni\u00f1os en instalaciones limpias, seguras y en condiciones \u00f3ptimas.<\/p>\n\n\n\n<p>Ausencio Rivera\/Vocesver. com\/noticias<\/p>\n\n\n\n<p>Veracruz, Ver. A 25 de Abril 2026.&nbsp;<\/p>\n\n\n\n<p>M\u00e1s de 800 ni\u00f1as y ni\u00f1os de la ciudad de Veracruz comenzar\u00e1n clases gratuitas de nataci\u00f3n a partir del 27 de abril, en albercas municipales que hoy se encuentran limpias, rehabilitadas y seguras, listas para recibirlos en un entorno adecuado que favorece su aprendizaje y desarrollo integral.<\/p>\n\n\n\n<p>Como parte de esta preparaci\u00f3n, el Ayuntamiento de Veracruz, a trav\u00e9s de la direcci\u00f3n de Deportes, realiz\u00f3 trabajos integrales que incluyeron limpieza profunda, desinfecci\u00f3n, revisi\u00f3n de sistemas de filtrado y recirculaci\u00f3n, as\u00ed como adecuaciones puntuales en instalaciones, garantizando espacios funcionales y en \u00f3ptimas condiciones para su uso.<\/p>\n\n\n\n<p>El arranque ser\u00e1 escalonado, iniciando el 27 de abril en Las Brisas y El Hoyo, de 16:00 a 20:00 horas, y el 5 de mayo en Viveros, de 14:00 a 18:00 horas, as\u00ed como en Salvador Campa, de 16:00 a 20:00 horas, ampliando la cobertura del programa en distintos puntos de la ciudad.<\/p>\n\n\n\n<p>Cabe destacar que la alberca de la Unidad Deportiva \u201cFernando Pazos Sosa\u201d se ha mantenido en operaci\u00f3n de manera continua, brindando servicio habitual, en l\u00ednea con el compromiso de la alcaldesa Rosa Mar\u00eda Hern\u00e1ndez Espejo de fortalecer el deporte y ofrecer espacios dignos y accesibles para la ni\u00f1ez veracruzana.<\/p>\n","protected":false},"excerpt":{"rendered":"<p>***Como parte del impulso al deporte y al desarrollo de la ni\u00f1ez, el Ayuntamiento de Veracruz inicia de forma escalonada<\/p>\n","protected":false},"author":2,"featured_media":48931,"comment_status":"open","ping_status":"open","sticky":false,"template":"","format":"standard","meta":{"colormag_page_container_layout":"default_layout","colormag_page_sidebar_layout":"default_layout","footnotes":""},"categories":[2],"tags":[],"class_list":["post-48930","post","type-post","status-publish","format-standard","has-post-thumbnail","hentry","category-infogral"],"_links":{"self":[{"href":"http:\/\/vocesver.com\/noticias\/wp-json\/wp\/v2\/posts\/48930","targetHints":{"allow":["GET"]}}],"collection":[{"href":"http:\/\/vocesver.com\/noticias\/wp-json\/wp\/v2\/posts"}],"about":[{"href":"http:\/\/vocesver.com\/noticias\/wp-json\/wp\/v2\/types\/post"}],"author":[{"embeddable":true,"href":"http:\/\/vocesver.com\/noticias\/wp-json\/wp\/v2\/users\/2"}],"replies":[{"embeddable":true,"href":"http:\/\/vocesver.com\/noticias\/wp-json\/wp\/v2\/comments?post=48930"}],"version-history":[{"count":1,"href":"http:\/\/vocesver.com\/noticias\/wp-json\/wp\/v2\/posts\/48930\/revisions"}],"predecessor-version":[{"id":48932,"href":"http:\/\/vocesver.com\/noticias\/wp-json\/wp\/v2\/posts\/48930\/revisions\/48932"}],"wp:featuredmedia":[{"embeddable":true,"href":"http:\/\/vocesver.com\/noticias\/wp-json\/wp\/v2\/media\/48931"}],"wp:attachment":[{"href":"http:\/\/vocesver.com\/noticias\/wp-json\/wp\/v2\/media?parent=48930"}],"wp:term":[{"taxonomy":"category","embeddable":true,"href":"http:\/\/vocesver.com\/noticias\/wp-json\/wp\/v2\/categories?post=48930"},{"taxonomy":"post_tag","embeddable":true,"href":"http:\/\/vocesver.com\/noticias\/wp-json\/wp\/v2\/tags?post=48930"}],"curies":[{"name":"wp","href":"https:\/\/api.w.org\/{rel}","templated":true}]}}