{"id":48927,"date":"2026-04-26T13:01:05","date_gmt":"2026-04-26T13:01:05","guid":{"rendered":"http:\/\/vocesver.com\/noticias\/?p=48927"},"modified":"2026-04-26T13:01:18","modified_gmt":"2026-04-26T13:01:18","slug":"veracruz-reune-a-expertos-y-tradicion-en-el-cierre-del-congreso-nacional-del-caballo","status":"publish","type":"post","link":"http:\/\/vocesver.com\/noticias\/veracruz-reune-a-expertos-y-tradicion-en-el-cierre-del-congreso-nacional-del-caballo\/","title":{"rendered":"Veracruz re\u00fane a expertos y tradici\u00f3n en el cierre del Congreso Nacional del Caballo."},"content":{"rendered":"\n<p><\/p>\n\n\n\n<p>&gt;Se realiz\u00f3 el primer juzgamiento del Campeonato Nacional de la raza iberomexicana.<\/p>\n\n\n\n<p>&gt;La alta participaci\u00f3n y el programa integral fortalecen el sector ecuestre.<\/p>\n\n\n\n<p>Ausencio Rivera \/Vocesver. com\/noticias&nbsp;<\/p>\n\n\n\n<p>Boca del R\u00edo, Ver., s\u00e1bado 25 de abril de 2026.- Con el Concurso de Caballos Bailadores<\/p>\n\n\n\n<p>Copa Veracruz 2026, concluy\u00f3 el Primer Congreso Nacional del Caballo, realizado en el<\/p>\n\n\n\n<p>World Trade Center, con amplia asistencia de familias, especialistas internacionales,<\/p>\n\n\n\n<p>estudiantes, criadores y visitantes.<\/p>\n\n\n\n<p>Durante la jornada se llev\u00f3 a cabo el Campeonato Nacional de la ACCIMEX A.C.. El juez<\/p>\n\n\n\n<p>internacional Glen Ribera, de Costa Rica, realiz\u00f3 el primer juzgamiento de potrillos en<\/p>\n\n\n\n<p>diversas categor\u00edas, uno de los ejes del encuentro.<\/p>\n\n\n\n<p>Se evaluaron morfolog\u00eda, andadura, desempe\u00f1o y temperamento de ejemplares machos<\/p>\n\n\n\n<p>de la raza iberomexicana en categor\u00edas de 0 a 6 meses, 6 a 12, 12 a 18, 18 a 24 y 24 a 30<\/p>\n\n\n\n<p>meses. El d\u00eda previo correspondi\u00f3 al juzgamiento de hembras.<\/p>\n\n\n\n<p>El programa acad\u00e9mico incluy\u00f3 la conferencia Morfolog\u00eda del caballo, usos y actividades<\/p>\n\n\n\n<p>en la b\u00fasqueda de la armon\u00eda, impartida por el argentino Luis Bustos, donde abord\u00f3 la<\/p>\n\n\n\n<p>relaci\u00f3n entre la conformaci\u00f3n f\u00edsica, la funcionalidad y la interacci\u00f3n con el jinete.Asimismo, la conferencia Reproducci\u00f3n equina en M\u00e9xico: desaf\u00edos y oportunidades, a<\/p>\n\n\n\n<p>cargo de la doctora de la UNAM, Myriam Boeta, donde expuso avances en mejoramiento<\/p>\n\n\n\n<p>gen\u00e9tico, conservaci\u00f3n de razas y su impacto en la productividad y el desempe\u00f1o<\/p>\n\n\n\n<p>deportivo.<\/p>\n\n\n\n<p>El taller El arte de domar un caballo, impartido por los especialistas colombianos Pablo<\/p>\n\n\n\n<p>Saldarriaga y Mauricio Ochoa, quienes abordaron la doma racional, el entrenamiento y el<\/p>\n\n\n\n<p>manejo responsable.<\/p>\n\n\n\n<p>De forma paralela, la exposici\u00f3n gastron\u00f3mica y artesanal, con participaci\u00f3n de<\/p>\n\n\n\n<p>municipios veracruzanos, mostr\u00f3 la riqueza cultural y productiva del estado, atrayendo a<\/p>\n\n\n\n<p>una nutrida afluencia.<\/p>\n\n\n\n<p>Como cierre, y en homenaje al puerto de Veracruz como punto de reingreso del caballo a<\/p>\n\n\n\n<p>M\u00e9xico hace 507 a\u00f1os, este domingo a las 11:30 horas se realizar\u00e1 una Magna Cabalgata<\/p>\n\n\n\n<p>por el centro y el bulevar..<\/p>\n\n\n\n<p><\/p>\n","protected":false},"excerpt":{"rendered":"<p>&gt;Se realiz\u00f3 el primer juzgamiento del Campeonato Nacional de la raza iberomexicana. &gt;La alta participaci\u00f3n y el programa integral fortalecen<\/p>\n","protected":false},"author":2,"featured_media":48928,"comment_status":"open","ping_status":"open","sticky":false,"template":"","format":"standard","meta":{"colormag_page_container_layout":"default_layout","colormag_page_sidebar_layout":"default_layout","footnotes":""},"categories":[2],"tags":[],"class_list":["post-48927","post","type-post","status-publish","format-standard","has-post-thumbnail","hentry","category-infogral"],"_links":{"self":[{"href":"http:\/\/vocesver.com\/noticias\/wp-json\/wp\/v2\/posts\/48927","targetHints":{"allow":["GET"]}}],"collection":[{"href":"http:\/\/vocesver.com\/noticias\/wp-json\/wp\/v2\/posts"}],"about":[{"href":"http:\/\/vocesver.com\/noticias\/wp-json\/wp\/v2\/types\/post"}],"author":[{"embeddable":true,"href":"http:\/\/vocesver.com\/noticias\/wp-json\/wp\/v2\/users\/2"}],"replies":[{"embeddable":true,"href":"http:\/\/vocesver.com\/noticias\/wp-json\/wp\/v2\/comments?post=48927"}],"version-history":[{"count":1,"href":"http:\/\/vocesver.com\/noticias\/wp-json\/wp\/v2\/posts\/48927\/revisions"}],"predecessor-version":[{"id":48929,"href":"http:\/\/vocesver.com\/noticias\/wp-json\/wp\/v2\/posts\/48927\/revisions\/48929"}],"wp:featuredmedia":[{"embeddable":true,"href":"http:\/\/vocesver.com\/noticias\/wp-json\/wp\/v2\/media\/48928"}],"wp:attachment":[{"href":"http:\/\/vocesver.com\/noticias\/wp-json\/wp\/v2\/media?parent=48927"}],"wp:term":[{"taxonomy":"category","embeddable":true,"href":"http:\/\/vocesver.com\/noticias\/wp-json\/wp\/v2\/categories?post=48927"},{"taxonomy":"post_tag","embeddable":true,"href":"http:\/\/vocesver.com\/noticias\/wp-json\/wp\/v2\/tags?post=48927"}],"curies":[{"name":"wp","href":"https:\/\/api.w.org\/{rel}","templated":true}]}}