{"id":48915,"date":"2026-04-24T23:12:12","date_gmt":"2026-04-24T23:12:12","guid":{"rendered":"http:\/\/vocesver.com\/noticias\/?p=48915"},"modified":"2026-04-24T23:12:29","modified_gmt":"2026-04-24T23:12:29","slug":"es-mayor-el-empleo-en-veracruz-que-el-desempleotejeda-martinez","status":"publish","type":"post","link":"http:\/\/vocesver.com\/noticias\/es-mayor-el-empleo-en-veracruz-que-el-desempleotejeda-martinez\/","title":{"rendered":"Es mayor el empleo en Veracruz que el desempleo:Tejeda Mart\u00ednez."},"content":{"rendered":"\n<p><\/p>\n\n\n\n<p>Ausencio Rivera \/Vocesver. com\/noticias<\/p>\n\n\n\n<p>Veracruz, Ver. A 24 de Abril 2026.. El dirigente regional del CRPC Tom\u00e1s Tejeda Mart\u00ednez reconoci\u00f3 que si bien es cierto han cerrado algunos negocios el desempleo en el Estado de Veracruz es m\u00ednimo y el empleo ha subido<\/p>\n\n\n\n<p>Entrevistado durante la rueda de prensa donde se anunci\u00f3 la concentraci\u00f3n masiva de trabajadores en la Macroplaza de Veracruz para conmemorar el D\u00eda Internacional del Trabajo el pe\u00f3ximo  1 de Mayo \u00a0el dirigente croquista destac\u00f3 que tan solo en la empresa Constellation Brands donde \u00e9l trabaja se tiene registrados 2 mil 900 trabajadores con empleos directos y mil 200 de empleos indirectos.<\/p>\n\n\n\n<p>Tambi\u00e9n tenemos el contrato de la Nestl\u00e9, empleos con  el Gupo Ara, se est\u00e1n haciendo carreteras, puentes  y gracias al apoyo de la Gobernadora Roc\u00edo Nahle se va hacer la conexi\u00f3n del Puente que va a unir Boca del R\u00edo con Alvarado.<\/p>\n\n\n\n<p>Al insistir que se tiene un desempleo m\u00ednimo en la entidad y que puede ser de un 5 por ciento, el dirigente obrero  reconoci\u00f3 que es m\u00e1s el empleo que se genera y \u00e9ste puede ser de  un 95 por ciento.<\/p>\n\n\n\n<p>Por otro lado el dirigente de la CROC hizo un llamado a la Gobierno Federal a que se frene la inflaci\u00f3n ya que dijo de nada va a servir si la inflaci\u00f3n sube mucho m\u00e1s . Reconoci\u00f3 que actualmente el poder adquisitivo de los trabajadores se qued\u00f3 abajo, porque nos dieron un 12 o 13 por ciento de aumentos y la canasta b\u00e1sica ya subi\u00f3 un 30 por ciento.<\/p>\n","protected":false},"excerpt":{"rendered":"<p>Ausencio Rivera \/Vocesver. com\/noticias Veracruz, Ver. A 24 de Abril 2026.. El dirigente regional del CRPC Tom\u00e1s Tejeda Mart\u00ednez reconoci\u00f3<\/p>\n","protected":false},"author":2,"featured_media":48916,"comment_status":"open","ping_status":"open","sticky":false,"template":"","format":"standard","meta":{"colormag_page_container_layout":"default_layout","colormag_page_sidebar_layout":"default_layout","footnotes":""},"categories":[2],"tags":[],"class_list":["post-48915","post","type-post","status-publish","format-standard","has-post-thumbnail","hentry","category-infogral"],"_links":{"self":[{"href":"http:\/\/vocesver.com\/noticias\/wp-json\/wp\/v2\/posts\/48915","targetHints":{"allow":["GET"]}}],"collection":[{"href":"http:\/\/vocesver.com\/noticias\/wp-json\/wp\/v2\/posts"}],"about":[{"href":"http:\/\/vocesver.com\/noticias\/wp-json\/wp\/v2\/types\/post"}],"author":[{"embeddable":true,"href":"http:\/\/vocesver.com\/noticias\/wp-json\/wp\/v2\/users\/2"}],"replies":[{"embeddable":true,"href":"http:\/\/vocesver.com\/noticias\/wp-json\/wp\/v2\/comments?post=48915"}],"version-history":[{"count":1,"href":"http:\/\/vocesver.com\/noticias\/wp-json\/wp\/v2\/posts\/48915\/revisions"}],"predecessor-version":[{"id":48917,"href":"http:\/\/vocesver.com\/noticias\/wp-json\/wp\/v2\/posts\/48915\/revisions\/48917"}],"wp:featuredmedia":[{"embeddable":true,"href":"http:\/\/vocesver.com\/noticias\/wp-json\/wp\/v2\/media\/48916"}],"wp:attachment":[{"href":"http:\/\/vocesver.com\/noticias\/wp-json\/wp\/v2\/media?parent=48915"}],"wp:term":[{"taxonomy":"category","embeddable":true,"href":"http:\/\/vocesver.com\/noticias\/wp-json\/wp\/v2\/categories?post=48915"},{"taxonomy":"post_tag","embeddable":true,"href":"http:\/\/vocesver.com\/noticias\/wp-json\/wp\/v2\/tags?post=48915"}],"curies":[{"name":"wp","href":"https:\/\/api.w.org\/{rel}","templated":true}]}}