{"id":48891,"date":"2026-04-23T22:32:43","date_gmt":"2026-04-23T22:32:43","guid":{"rendered":"http:\/\/vocesver.com\/noticias\/?p=48891"},"modified":"2026-04-23T22:33:06","modified_gmt":"2026-04-23T22:33:06","slug":"el-estado-y-la-paz-estan-por-encima-de-cualquier-conducta-antisocial-gobernadora-rocio-nahle","status":"publish","type":"post","link":"http:\/\/vocesver.com\/noticias\/el-estado-y-la-paz-estan-por-encima-de-cualquier-conducta-antisocial-gobernadora-rocio-nahle\/","title":{"rendered":"El Estado y la paz est\u00e1n por encima de cualquier conducta antisocial: Gobernadora Roc\u00edo Nahle."},"content":{"rendered":"\n<p>>Fortalece a la Polic\u00eda Estatal con aumento salarial, equipamiento y becas para sus<\/p>\n\n\n\n<p>familias.<\/p>\n\n\n\n<p>&gt;Condecora a elementos y premia a ganadores de los Juegos Conmemorativos.<\/p>\n\n\n\n<p>&gt;Ser polic\u00eda no es solo una responsabilidad, es un honor y una vocaci\u00f3n de servicio: SSP<\/p>\n\n\n\n<p>Ausencio Rivera \/Vocesver.com\/noticias<\/p>\n\n\n\n<p>Xalapa, Ver., jueves 23 de abril de 2026.- En el marco del D\u00eda del Polic\u00eda Veracruzano, la<\/p>\n\n\n\n<p>gobernadora Roc\u00edo Nahle Garc\u00eda anunci\u00f3 el fortalecimiento a la seguridad p\u00fablica con un<\/p>\n\n\n\n<p>paquete que incluye la adquisici\u00f3n de cuatro helic\u00f3pteros \u2014dos que llegar\u00e1n este a\u00f1o y<\/p>\n\n\n\n<p>dos m\u00e1s en 2027\u2014 y la incorporaci\u00f3n de 82 nuevas patrullas.<\/p>\n\n\n\n<p>Inform\u00f3 tambi\u00e9n un incremento del 15 por ciento en salarios y prestaciones, as\u00ed como la<\/p>\n\n\n\n<p>implementaci\u00f3n de un programa de becas universitarias para hijas e hijos de polic\u00edas, con<\/p>\n\n\n\n<p>una inversi\u00f3n superior a un mill\u00f3n de pesos.<\/p>\n\n\n\n<p>Asimismo, dio a conocer que a finales de mayo iniciar\u00e1 la construcci\u00f3n del Centro de<\/p>\n\n\n\n<p>Control, Comando, Comunicaciones, C\u00f3mputo, Coordinaci\u00f3n e Inteligencia (C5) en<\/p>\n\n\n\n<p>Coatzacoalcos, para fortalecer la vigilancia, la inteligencia y lDurante la ceremonia, la Mandataria afirm\u00f3 que su administraci\u00f3n act\u00faa de manera<\/p>\n\n\n\n<p>frontal para construir la paz, erradicar la violencia y enfrentar a quienes la generan, al<\/p>\n\n\n\n<p>enfatizar que \u201cel Estado y la paz est\u00e1n por encima de cualquier conducta antisocial\u201d.<\/p>\n\n\n\n<p>En el Cuartel de Polic\u00eda Estatal General Heriberto Jara Corona se realiz\u00f3 la<\/p>\n\n\n\n<p>conmemoraci\u00f3n en honor a la labor, compromiso y sacrificio de las y los elementos de la<\/p>\n\n\n\n<p>Secretar\u00eda de Seguridad P\u00fablica (SSP), donde se entregaron 141 condecoraciones a un<\/p>\n\n\n\n<p>estado de fuerza de 6 mil 431 polic\u00edas: 11 como Polic\u00eda del A\u00f1o, 102 por Valor Heroico, 18<\/p>\n\n\n\n<p>por M\u00e9rito Policial y 10 en los Juegos Conmemorativos, cada una acompa\u00f1ada de un<\/p>\n\n\n\n<p>est\u00edmulo econ\u00f3mico de ocho mil pesos.<\/p>\n\n\n\n<p>La Gobernadora se\u00f1al\u00f3 que esta fecha representa no solo un reconocimiento, sino un<\/p>\n\n\n\n<p>agradecimiento permanente al trabajo cotidiano de las corporaciones, con \u00e9nfasis en las<\/p>\n\n\n\n<p>\u00e1reas de inteligencia, binomios caninos, agrupamientos fluviales y mar\u00edtimos, Polic\u00eda<\/p>\n\n\n\n<p>Tur\u00edstica, Polic\u00eda de Caminos y el Plan Taj\u00edn.<\/p>\n\n\n\n<p>Destac\u00f3 la labor durante las emergencias de octubre de 2025 en la regi\u00f3n Huasteca, donde,<\/p>\n\n\n\n<p>adem\u00e1s de las tareas de rescate y apoyo a la poblaci\u00f3n, se garantiz\u00f3 la seguridad para evitar<\/p>\n\n\n\n<p>actos de rapi\u00f1a, en coordinaci\u00f3n con fuerzas federales y municipales. Asimismo,<\/p>\n\n\n\n<p>reconoci\u00f3 la participaci\u00f3n en la atenci\u00f3n al derrame de hidrocarburo, incendios forestales<\/p>\n\n\n\n<p>y operativos de protecci\u00f3n a visitantes en zonas tur\u00edsticas.<\/p>\n\n\n\n<p>Por su parte, el secretario de Seguridad P\u00fablica, Alfonso Reyes Garc\u00e9s, destac\u00f3 que ser<\/p>\n\n\n\n<p>polic\u00eda implica disciplina, sacrificio y compromiso permanente con la sociedad, y que su<\/p>\n\n\n\n<p>labor contribuye a sostener la paz, fortalecer el orden y generar confianza. nte autoridades civiles, militares y navales, as\u00ed como representantes de los tres Poderes<\/p>\n\n\n\n<p>del Estado, reconoci\u00f3 el respaldo de las familias de los elementos y reiter\u00f3 el compromiso<\/p>\n\n\n\n<p>institucional de actuar con responsabilidad, transparencia y firmeza.<\/p>\n\n\n\n<p>Como parte del protocolo, se realiz\u00f3 una guardia de honor y toque de silencio en memoria<\/p>\n\n\n\n<p>del oficial Aurelio Monfort Villase\u00f1or, acompa\u00f1ados por la Banda de Guerra de la SSP, en<\/p>\n\n\n\n<p>un acto que reafirma los valores de honor, disciplina y lealtad de la corporaci\u00f3n.<\/p>\n\n\n\n<p><\/p>\n","protected":false},"excerpt":{"rendered":"<p>>Fortalece a la Polic\u00eda Estatal con aumento salarial, equipamiento y becas para sus familias. &gt;Condecora a elementos y premia a<\/p>\n","protected":false},"author":2,"featured_media":48892,"comment_status":"open","ping_status":"open","sticky":false,"template":"","format":"standard","meta":{"colormag_page_container_layout":"default_layout","colormag_page_sidebar_layout":"default_layout","footnotes":""},"categories":[2],"tags":[],"class_list":["post-48891","post","type-post","status-publish","format-standard","has-post-thumbnail","hentry","category-infogral"],"_links":{"self":[{"href":"http:\/\/vocesver.com\/noticias\/wp-json\/wp\/v2\/posts\/48891","targetHints":{"allow":["GET"]}}],"collection":[{"href":"http:\/\/vocesver.com\/noticias\/wp-json\/wp\/v2\/posts"}],"about":[{"href":"http:\/\/vocesver.com\/noticias\/wp-json\/wp\/v2\/types\/post"}],"author":[{"embeddable":true,"href":"http:\/\/vocesver.com\/noticias\/wp-json\/wp\/v2\/users\/2"}],"replies":[{"embeddable":true,"href":"http:\/\/vocesver.com\/noticias\/wp-json\/wp\/v2\/comments?post=48891"}],"version-history":[{"count":1,"href":"http:\/\/vocesver.com\/noticias\/wp-json\/wp\/v2\/posts\/48891\/revisions"}],"predecessor-version":[{"id":48893,"href":"http:\/\/vocesver.com\/noticias\/wp-json\/wp\/v2\/posts\/48891\/revisions\/48893"}],"wp:featuredmedia":[{"embeddable":true,"href":"http:\/\/vocesver.com\/noticias\/wp-json\/wp\/v2\/media\/48892"}],"wp:attachment":[{"href":"http:\/\/vocesver.com\/noticias\/wp-json\/wp\/v2\/media?parent=48891"}],"wp:term":[{"taxonomy":"category","embeddable":true,"href":"http:\/\/vocesver.com\/noticias\/wp-json\/wp\/v2\/categories?post=48891"},{"taxonomy":"post_tag","embeddable":true,"href":"http:\/\/vocesver.com\/noticias\/wp-json\/wp\/v2\/tags?post=48891"}],"curies":[{"name":"wp","href":"https:\/\/api.w.org\/{rel}","templated":true}]}}