{"id":48246,"date":"2026-03-16T23:18:54","date_gmt":"2026-03-16T23:18:54","guid":{"rendered":"http:\/\/vocesver.com\/noticias\/?p=48246"},"modified":"2026-03-16T23:19:20","modified_gmt":"2026-03-16T23:19:20","slug":"gobierno-del-estado-atiende-accidente-vehicular-en-la-autopista-isla-acayucan","status":"publish","type":"post","link":"http:\/\/vocesver.com\/noticias\/gobierno-del-estado-atiende-accidente-vehicular-en-la-autopista-isla-acayucan\/","title":{"rendered":"Gobierno del Estado atiende accidente vehicular en la autopista Isla\u2013Acayucan."},"content":{"rendered":"\n<p><\/p>\n\n\n\n<p>&gt;Trece personas lesionadas fueron trasladadas a hospitales cercanos para valoraci\u00f3n<\/p>\n\n\n\n<p>m\u00e9dica.<\/p>\n\n\n\n<p>Ausencio Rivera\/Vocesver. com\/noticias&nbsp;<\/p>\n\n\n\n<p>Xalapa, Ver., lunes 16 de marzo de 2026.- El Gobierno de Veracruz, a trav\u00e9s de la<\/p>\n\n\n\n<p>Secretar\u00eda de Protecci\u00f3n Civil informa que activ\u00f3 de manera inmediata las fuerzas de tarea<\/p>\n\n\n\n<p>para atender el accidente automovil\u00edstico registrado en el kil\u00f3metro 128 de la autopista<\/p>\n\n\n\n<p>Isla\u2013Acayucan, a la altura de la localidad La Uni\u00f3n, en el municipio de Juan Rodr\u00edguez<\/p>\n\n\n\n<p>Clara.<\/p>\n\n\n\n<p>En el percance se vieron involucrados un autob\u00fas de pasajeros y un tractocami\u00f3n. Como<\/p>\n\n\n\n<p>resultado, 13 personas lesionadas, todas pasajeras del autob\u00fas, fueron trasladadas a<\/p>\n\n\n\n<p>hospitales cercanos para su valoraci\u00f3n y atenci\u00f3n m\u00e9dica.<\/p>\n\n\n\n<p>Del total de lesionados, cuatro fueron trasladados por personal de Caminos y Puentes<\/p>\n\n\n\n<p>Federales (CAPUFE) , seis por la Direcci\u00f3n Municipal de Protecci\u00f3n Civil de Isla y tres<\/p>\n\n\n\n<p>m\u00e1s por la Direcci\u00f3n Municipal de Protecci\u00f3n Civil de Juan Rodr\u00edguez Clara.<\/p>\n\n\n\n<p>Asimismo, se confirm\u00f3 el fallecimiento de cuatro personas, tambi\u00e9n pasajeras del autob\u00fas.Tras recibir el reporte, se activaron las fuerzas de tarea, las cuales implementaron<\/p>\n\n\n\n<p>abanderamiento de la vialidad, acordonamiento del \u00e1rea, atenci\u00f3n prehospitalaria y<\/p>\n\n\n\n<p>traslado de lesionados, as\u00ed como las diligencias correspondientes conforme a la ley.<\/p>\n\n\n\n<p>En las labores participan elementos de la Guardia Nacional, CAPUFE y las direcciones<\/p>\n\n\n\n<p>municipales de Protecci\u00f3n Civil de Isla y Juan Rodr\u00edguez Clara, quienes coordinan<\/p>\n\n\n\n<p>acciones para garantizar la seguridad en la zona.<\/p>\n\n\n\n<p>Tras las labores de atenci\u00f3n y retiro de unidades, la circulaci\u00f3n en la autopista se encuentra<\/p>\n\n\n\n<p>abierta a la circulaci\u00f3n.<\/p>\n\n\n\n<p><\/p>\n","protected":false},"excerpt":{"rendered":"<p>&gt;Trece personas lesionadas fueron trasladadas a hospitales cercanos para valoraci\u00f3n m\u00e9dica. Ausencio Rivera\/Vocesver. com\/noticias&nbsp; Xalapa, Ver., lunes 16 de marzo<\/p>\n","protected":false},"author":2,"featured_media":48247,"comment_status":"open","ping_status":"open","sticky":false,"template":"","format":"standard","meta":{"colormag_page_container_layout":"default_layout","colormag_page_sidebar_layout":"default_layout","footnotes":""},"categories":[4],"tags":[],"class_list":["post-48246","post","type-post","status-publish","format-standard","has-post-thumbnail","hentry","category-estatal"],"_links":{"self":[{"href":"http:\/\/vocesver.com\/noticias\/wp-json\/wp\/v2\/posts\/48246","targetHints":{"allow":["GET"]}}],"collection":[{"href":"http:\/\/vocesver.com\/noticias\/wp-json\/wp\/v2\/posts"}],"about":[{"href":"http:\/\/vocesver.com\/noticias\/wp-json\/wp\/v2\/types\/post"}],"author":[{"embeddable":true,"href":"http:\/\/vocesver.com\/noticias\/wp-json\/wp\/v2\/users\/2"}],"replies":[{"embeddable":true,"href":"http:\/\/vocesver.com\/noticias\/wp-json\/wp\/v2\/comments?post=48246"}],"version-history":[{"count":1,"href":"http:\/\/vocesver.com\/noticias\/wp-json\/wp\/v2\/posts\/48246\/revisions"}],"predecessor-version":[{"id":48248,"href":"http:\/\/vocesver.com\/noticias\/wp-json\/wp\/v2\/posts\/48246\/revisions\/48248"}],"wp:featuredmedia":[{"embeddable":true,"href":"http:\/\/vocesver.com\/noticias\/wp-json\/wp\/v2\/media\/48247"}],"wp:attachment":[{"href":"http:\/\/vocesver.com\/noticias\/wp-json\/wp\/v2\/media?parent=48246"}],"wp:term":[{"taxonomy":"category","embeddable":true,"href":"http:\/\/vocesver.com\/noticias\/wp-json\/wp\/v2\/categories?post=48246"},{"taxonomy":"post_tag","embeddable":true,"href":"http:\/\/vocesver.com\/noticias\/wp-json\/wp\/v2\/tags?post=48246"}],"curies":[{"name":"wp","href":"https:\/\/api.w.org\/{rel}","templated":true}]}}