{"id":48237,"date":"2026-03-16T23:07:25","date_gmt":"2026-03-16T23:07:25","guid":{"rendered":"http:\/\/vocesver.com\/noticias\/?p=48237"},"modified":"2026-03-16T23:07:50","modified_gmt":"2026-03-16T23:07:50","slug":"se-desbordo-el-turismo-en-veracruz-por-puente-de-la-expropiacion-petrolera","status":"publish","type":"post","link":"http:\/\/vocesver.com\/noticias\/se-desbordo-el-turismo-en-veracruz-por-puente-de-la-expropiacion-petrolera\/","title":{"rendered":"Se desbord\u00f3 el turismo en Veracruz por puente de la Expropiaci\u00f3n Petrolera.\u00a0"},"content":{"rendered":"\n<p><\/p>\n\n\n\n<p>Ausencio Rivera \/Vocesver. com\/noticias<\/p>\n\n\n\n<p>Veracruz, Ver a 16 de Marzo 2026.. Con motivo del puente vacacional del D\u00eda de la Expropiaci\u00f3n petrolera baj\u00f3 mucho turismo al puerto Jarocho. Los tradicionales caf\u00e9s como el Gran Caf\u00e9 del Portal de Veracruz registra en estos momentos importante afluencia turistica..<\/p>\n","protected":false},"excerpt":{"rendered":"<p>Ausencio Rivera \/Vocesver. com\/noticias Veracruz, Ver a 16 de Marzo 2026.. Con motivo del puente vacacional del D\u00eda de la<\/p>\n","protected":false},"author":2,"featured_media":48238,"comment_status":"open","ping_status":"open","sticky":false,"template":"","format":"standard","meta":{"colormag_page_container_layout":"default_layout","colormag_page_sidebar_layout":"default_layout","footnotes":""},"categories":[2],"tags":[],"class_list":["post-48237","post","type-post","status-publish","format-standard","has-post-thumbnail","hentry","category-infogral"],"_links":{"self":[{"href":"http:\/\/vocesver.com\/noticias\/wp-json\/wp\/v2\/posts\/48237","targetHints":{"allow":["GET"]}}],"collection":[{"href":"http:\/\/vocesver.com\/noticias\/wp-json\/wp\/v2\/posts"}],"about":[{"href":"http:\/\/vocesver.com\/noticias\/wp-json\/wp\/v2\/types\/post"}],"author":[{"embeddable":true,"href":"http:\/\/vocesver.com\/noticias\/wp-json\/wp\/v2\/users\/2"}],"replies":[{"embeddable":true,"href":"http:\/\/vocesver.com\/noticias\/wp-json\/wp\/v2\/comments?post=48237"}],"version-history":[{"count":1,"href":"http:\/\/vocesver.com\/noticias\/wp-json\/wp\/v2\/posts\/48237\/revisions"}],"predecessor-version":[{"id":48239,"href":"http:\/\/vocesver.com\/noticias\/wp-json\/wp\/v2\/posts\/48237\/revisions\/48239"}],"wp:featuredmedia":[{"embeddable":true,"href":"http:\/\/vocesver.com\/noticias\/wp-json\/wp\/v2\/media\/48238"}],"wp:attachment":[{"href":"http:\/\/vocesver.com\/noticias\/wp-json\/wp\/v2\/media?parent=48237"}],"wp:term":[{"taxonomy":"category","embeddable":true,"href":"http:\/\/vocesver.com\/noticias\/wp-json\/wp\/v2\/categories?post=48237"},{"taxonomy":"post_tag","embeddable":true,"href":"http:\/\/vocesver.com\/noticias\/wp-json\/wp\/v2\/tags?post=48237"}],"curies":[{"name":"wp","href":"https:\/\/api.w.org\/{rel}","templated":true}]}}