{"id":48231,"date":"2026-03-16T23:00:39","date_gmt":"2026-03-16T23:00:39","guid":{"rendered":"http:\/\/vocesver.com\/noticias\/?p=48231"},"modified":"2026-03-16T23:00:56","modified_gmt":"2026-03-16T23:00:56","slug":"exhorta-ima-a-almacenar-agua-ante-suspension-temporal-del-servicio-por-mantenimiento-preventivo","status":"publish","type":"post","link":"http:\/\/vocesver.com\/noticias\/exhorta-ima-a-almacenar-agua-ante-suspension-temporal-del-servicio-por-mantenimiento-preventivo\/","title":{"rendered":"Exhorta IMA a almacenar agua ante suspensi\u00f3n temporal del servicio por mantenimiento preventivo."},"content":{"rendered":"\n<p><\/p>\n\n\n\n<p>***El 19 de marzo se realizar\u00e1n estos trabajos en las plantas potabilizadoras El Tejar I y II, as\u00ed como en el tanque regulador M\u00e9dano del Perro, que afectar\u00e1 el suministro en toda la ciudad de Veracruz<\/p>\n\n\n\n<p>Ausencio Rivera \/Vocesver. com\/noticias<\/p>\n\n\n\n<p>Veracruz, Ver. A 16 de Marzo 2026&nbsp;<\/p>\n\n\n\n<p>Debido al mantenimiento preventivo anual en las plantas potabilizadoras El Tejar I y II y en el tanque regulador M\u00e9dano del Perro, el Instituto Metropolitano del Agua (IMA) exhorta a la ciudadan\u00eda a tomar previsiones ante la suspensi\u00f3n temporal del servicio de agua potable en toda la ciudad de Veracruz, el pr\u00f3ximo jueves 19 de marzo, por lo que recomienda almacenar agua con anticipaci\u00f3n y hacer un uso racional del vital l\u00edquido.<\/p>\n\n\n\n<p>Los trabajos en las plantas iniciar\u00e1n a las 08:00 horas del jueves 19 de marzo, mientras que en el tanque regulador comenzar\u00e1n a las 06:00 horas del mismo d\u00eda, por lo que el suministro de agua se ver\u00e1 afectado durante gran parte de la jornada y podr\u00eda presentarse baja presi\u00f3n o falta del servicio en colonias y fraccionamientos del municipio.<\/p>\n\n\n\n<p>El servicio comenzar\u00e1 a restablecerse de manera gradual a partir de la noche del mismo jueves, recuperando presi\u00f3n de forma progresiva, y se prev\u00e9 que quede completamente normalizado durante la noche del viernes 20 de marzo, aunque en algunas zonas este proceso podr\u00eda extenderse, debido a las condiciones propias de la red de distribuci\u00f3n.<\/p>\n\n\n\n<p>Durante el proceso de recuperaci\u00f3n del servicio, el agua podr\u00eda presentar turbiedad o variaciones temporales en su color debido al arrastre natural de sedimentos en las tuber\u00edas; esta condici\u00f3n es moment\u00e1nea, por lo que se recomienda dejar correr el agua por algunos minutos antes de su uso.<\/p>\n\n\n\n<p>Colonias, fraccionamientos y unidades habitacionales abastecidos por la Planta Potabilizadora El Tejar I:<\/p>\n\n\n\n<p>Fracc. Malibr\u00e1n<\/p>\n\n\n\n<p>U.H. Malibr\u00e1n<\/p>\n\n\n\n<p>Adolfo L\u00f3pez Mateos (parte baja)<\/p>\n\n\n\n<p>Granjas de la Boticaria<\/p>\n\n\n\n<p>Fracc. Flores del Valle<\/p>\n\n\n\n<p>Francisco Villa<\/p>\n\n\n\n<p>Art\u00edculo 123<\/p>\n\n\n\n<p>Las Razas<\/p>\n\n\n\n<p>U.H. El Jobo<\/p>\n\n\n\n<p>Mar\u00eda C. Rojas<\/p>\n\n\n\n<p>Fracc. Floresta<\/p>\n\n\n\n<p>Fracc. Arboledas Floresta<\/p>\n\n\n\n<p>Enrique C. R\u00e9bsamen<\/p>\n\n\n\n<p>Las Antillas<\/p>\n\n\n\n<p>Lorenzo Barcelata<\/p>\n\n\n\n<p>Alfredo Bonfil<\/p>\n\n\n\n<p>Los R\u00edos<\/p>\n\n\n\n<p>Puente Moreno<\/p>\n\n\n\n<p>Bajos del Jobo<\/p>\n\n\n\n<p>Colonias, fraccionamientos y unidades habitacionales abastecidos por la Planta Potabilizadora El Tejar II (Tanque Regulador Pocitos):<\/p>\n\n\n\n<p>Agust\u00edn Acosta Lagunes<\/p>\n\n\n\n<p>U.H. Coyol V<\/p>\n\n\n\n<p>Cuauht\u00e9moc<\/p>\n\n\n\n<p>Ampliaci\u00f3n Cuauht\u00e9moc<\/p>\n\n\n\n<p>El Coyol<\/p>\n\n\n\n<p>Fracc. Faro de la Laguna Olmeca<\/p>\n\n\n\n<p>Fracc. Laguna Real<\/p>\n\n\n\n<p>H\u00e9roes de Veracruz (Rosa Borunda)<\/p>\n\n\n\n<p>Manuel Buen D\u00eda<\/p>\n\n\n\n<p>Mar\u00eda Esther Zuno<\/p>\n\n\n\n<p>Netzahualc\u00f3yotl<\/p>\n\n\n\n<p>Pedro I. Mata<\/p>\n\n\n\n<p>Rafael D\u00edaz Serd\u00e1n<\/p>\n\n\n\n<p>U.H. Aries II<\/p>\n\n\n\n<p>U.H. Aries III<\/p>\n\n\n\n<p>U.H. Coyol Condominios Zona B<\/p>\n\n\n\n<p>U.H. Coyol IVEC<\/p>\n\n\n\n<p>U.H. Lomas del Coyol<\/p>\n\n\n\n<p>U.H. Las Palmas Coyol<\/p>\n\n\n\n<p>U.H. Los Delfines<\/p>\n\n\n\n<p>U.H. Los Sauces<\/p>\n\n\n\n<p>U.H. SETSE Palmas<\/p>\n\n\n\n<p>Central de Abastos<\/p>\n\n\n\n<p>Fracc. Los Laureles<\/p>\n\n\n\n<p>U.H. Bol\u00edvar I<\/p>\n\n\n\n<p>Panaderos<\/p>\n\n\n\n<p>Conjunto Habitacional Playa Gaviotas<\/p>\n\n\n\n<p>Dos Caminos<\/p>\n\n\n\n<p>Infonavit Chiver\u00eda<\/p>\n\n\n\n<p>Las Caballerizas<\/p>\n\n\n\n<p>Los Reyes<\/p>\n\n\n\n<p>Ni\u00f1os H\u00e9roes<\/p>\n\n\n\n<p>Nueva<\/p>\n\n\n\n<p>Fracc. Las Brisas (parte baja)<\/p>\n\n\n\n<p>Nuevas Esperanzas<\/p>\n\n\n\n<p>Playa Linda<\/p>\n\n\n\n<p>Pocitos y Rivera<\/p>\n\n\n\n<p>Prolongaci\u00f3n Miguel Hidalgo (una secci\u00f3n)<\/p>\n\n\n\n<p>Reyes Heroles<\/p>\n\n\n\n<p>Colonias y fraccionamientos abastecidos por el Tanque Regulador M\u00e9dano del Perro:<\/p>\n\n\n\n<p>21 de Abril<\/p>\n\n\n\n<p>APIVER<\/p>\n\n\n\n<p>C\u00e1ndido Aguilar<\/p>\n\n\n\n<p>Centro<\/p>\n\n\n\n<p>Centro Hist\u00f3rico<\/p>\n\n\n\n<p>Formando Hogar<\/p>\n\n\n\n<p>Fracc. Crist\u00f3bal Col\u00f3n<\/p>\n\n\n\n<p>Fracc. El Maestro<\/p>\n\n\n\n<p>Fracc. Electricistas<\/p>\n\n\n\n<p>Fracc. Faros<\/p>\n\n\n\n<p>Fracc. Ignacio Zaragoza<\/p>\n\n\n\n<p>Fracc. M\u00e9xico<\/p>\n\n\n\n<p>Fracc. Moderno<\/p>\n\n\n\n<p>Fracc. Reforma<\/p>\n\n\n\n<p>Fracc. Ricardo Flores Mag\u00f3n<\/p>\n\n\n\n<p>Las Enfermeras<\/p>\n\n\n\n<p>Granjas Veracruz<\/p>\n\n\n\n<p>Manuel Contreras<\/p>\n\n\n\n<p>Miguel Alem\u00e1n<\/p>\n\n\n\n<p>Pascual Ortiz Rubio<\/p>\n\n\n\n<p>Venustiano Carranza<\/p>\n\n\n\n<p>Virgilio Uribe<\/p>\n\n\n\n<p>Independencia<\/p>\n\n\n\n<p>Residencial Antonio Exsome Nahum<\/p>\n\n\n\n<p>Granjas La Boticaria<\/p>\n\n\n\n<p>Campestre<\/p>\n\n\n\n<p>Fracc. Los Pinos<\/p>\n\n\n\n<p><\/p>\n","protected":false},"excerpt":{"rendered":"<p>***El 19 de marzo se realizar\u00e1n estos trabajos en las plantas potabilizadoras El Tejar I y II, as\u00ed como en<\/p>\n","protected":false},"author":2,"featured_media":48232,"comment_status":"open","ping_status":"open","sticky":false,"template":"","format":"standard","meta":{"colormag_page_container_layout":"default_layout","colormag_page_sidebar_layout":"default_layout","footnotes":""},"categories":[2],"tags":[],"class_list":["post-48231","post","type-post","status-publish","format-standard","has-post-thumbnail","hentry","category-infogral"],"_links":{"self":[{"href":"http:\/\/vocesver.com\/noticias\/wp-json\/wp\/v2\/posts\/48231","targetHints":{"allow":["GET"]}}],"collection":[{"href":"http:\/\/vocesver.com\/noticias\/wp-json\/wp\/v2\/posts"}],"about":[{"href":"http:\/\/vocesver.com\/noticias\/wp-json\/wp\/v2\/types\/post"}],"author":[{"embeddable":true,"href":"http:\/\/vocesver.com\/noticias\/wp-json\/wp\/v2\/users\/2"}],"replies":[{"embeddable":true,"href":"http:\/\/vocesver.com\/noticias\/wp-json\/wp\/v2\/comments?post=48231"}],"version-history":[{"count":1,"href":"http:\/\/vocesver.com\/noticias\/wp-json\/wp\/v2\/posts\/48231\/revisions"}],"predecessor-version":[{"id":48233,"href":"http:\/\/vocesver.com\/noticias\/wp-json\/wp\/v2\/posts\/48231\/revisions\/48233"}],"wp:featuredmedia":[{"embeddable":true,"href":"http:\/\/vocesver.com\/noticias\/wp-json\/wp\/v2\/media\/48232"}],"wp:attachment":[{"href":"http:\/\/vocesver.com\/noticias\/wp-json\/wp\/v2\/media?parent=48231"}],"wp:term":[{"taxonomy":"category","embeddable":true,"href":"http:\/\/vocesver.com\/noticias\/wp-json\/wp\/v2\/categories?post=48231"},{"taxonomy":"post_tag","embeddable":true,"href":"http:\/\/vocesver.com\/noticias\/wp-json\/wp\/v2\/tags?post=48231"}],"curies":[{"name":"wp","href":"https:\/\/api.w.org\/{rel}","templated":true}]}}