{"id":48225,"date":"2026-03-16T13:23:10","date_gmt":"2026-03-16T13:23:10","guid":{"rendered":"http:\/\/vocesver.com\/noticias\/?p=48225"},"modified":"2026-03-16T13:23:24","modified_gmt":"2026-03-16T13:23:24","slug":"solicita-ayuntamiento-de-veracruz-a-familiares-de-difuntos-realizar-tramite-de-exhumacion-en-el-panteon-municipal","status":"publish","type":"post","link":"http:\/\/vocesver.com\/noticias\/solicita-ayuntamiento-de-veracruz-a-familiares-de-difuntos-realizar-tramite-de-exhumacion-en-el-panteon-municipal\/","title":{"rendered":"Solicita Ayuntamiento de Veracruz a familiares de difuntos, realizar tr\u00e1mite de exhumaci\u00f3n en el Pante\u00f3n Municipal."},"content":{"rendered":"\n<p><\/p>\n\n\n\n<p>***Concluy\u00f3 el periodo de resguardo para registros del a\u00f1o 2018 y de enero\u2013febrero de 2019<\/p>\n\n\n\n<p>Ausencio Rivera \/Vocesver.com\/noticias<\/p>\n\n\n\n<p>Veracruz, Ver. 15 de Marzo 2026.&nbsp;<\/p>\n\n\n\n<p>Debido a que los espacios funerarios con registros del a\u00f1o 2018 y de enero\u2013febrero de 2019 han concluido su periodo de resguardo, el Ayuntamiento de Veracruz solicita a familiares o responsables de restos humanos, presentarse en las oficinas del Pante\u00f3n Municipal para realizar el tr\u00e1mite de exhumaci\u00f3n correspondiente.<\/p>\n\n\n\n<p>La direcci\u00f3n Municipal de Panteones informa que para la atenci\u00f3n de este tr\u00e1mite ser\u00e1 necesario presentar identificaci\u00f3n oficial vigente (INE) y la ficha de identidad del espacio funerario, documentos indispensables para dar seguimiento al procedimiento administrativo.<\/p>\n\n\n\n<p>Se exhorta a las y los responsables a acudir a la mayor brevedad posible, ya que conforme a la normativa vigente, ha concluido el plazo para realizar este procedimiento, y poder mantener una adecuada administraci\u00f3n de los espacios disponibles en el cementerio.<\/p>\n\n\n\n<p>Obtener&nbsp;<a rel=\"noreferrer noopener\" target=\"_blank\" href=\"https:\/\/aka.ms\/AAb9ysg\">Outlook para Android<\/a><\/p>\n\n\n\n<p><\/p>\n","protected":false},"excerpt":{"rendered":"<p>***Concluy\u00f3 el periodo de resguardo para registros del a\u00f1o 2018 y de enero\u2013febrero de 2019 Ausencio Rivera \/Vocesver.com\/noticias Veracruz, Ver.<\/p>\n","protected":false},"author":2,"featured_media":48226,"comment_status":"open","ping_status":"open","sticky":false,"template":"","format":"standard","meta":{"colormag_page_container_layout":"default_layout","colormag_page_sidebar_layout":"default_layout","footnotes":""},"categories":[2],"tags":[],"class_list":["post-48225","post","type-post","status-publish","format-standard","has-post-thumbnail","hentry","category-infogral"],"_links":{"self":[{"href":"http:\/\/vocesver.com\/noticias\/wp-json\/wp\/v2\/posts\/48225","targetHints":{"allow":["GET"]}}],"collection":[{"href":"http:\/\/vocesver.com\/noticias\/wp-json\/wp\/v2\/posts"}],"about":[{"href":"http:\/\/vocesver.com\/noticias\/wp-json\/wp\/v2\/types\/post"}],"author":[{"embeddable":true,"href":"http:\/\/vocesver.com\/noticias\/wp-json\/wp\/v2\/users\/2"}],"replies":[{"embeddable":true,"href":"http:\/\/vocesver.com\/noticias\/wp-json\/wp\/v2\/comments?post=48225"}],"version-history":[{"count":1,"href":"http:\/\/vocesver.com\/noticias\/wp-json\/wp\/v2\/posts\/48225\/revisions"}],"predecessor-version":[{"id":48227,"href":"http:\/\/vocesver.com\/noticias\/wp-json\/wp\/v2\/posts\/48225\/revisions\/48227"}],"wp:featuredmedia":[{"embeddable":true,"href":"http:\/\/vocesver.com\/noticias\/wp-json\/wp\/v2\/media\/48226"}],"wp:attachment":[{"href":"http:\/\/vocesver.com\/noticias\/wp-json\/wp\/v2\/media?parent=48225"}],"wp:term":[{"taxonomy":"category","embeddable":true,"href":"http:\/\/vocesver.com\/noticias\/wp-json\/wp\/v2\/categories?post=48225"},{"taxonomy":"post_tag","embeddable":true,"href":"http:\/\/vocesver.com\/noticias\/wp-json\/wp\/v2\/tags?post=48225"}],"curies":[{"name":"wp","href":"https:\/\/api.w.org\/{rel}","templated":true}]}}