{"id":48216,"date":"2026-03-15T02:58:20","date_gmt":"2026-03-15T02:58:20","guid":{"rendered":"http:\/\/vocesver.com\/noticias\/?p=48216"},"modified":"2026-03-15T02:59:28","modified_gmt":"2026-03-15T02:59:28","slug":"con-la-presentacion-de-mas-de-300-carteles-cientificos-se-lleva-a-cabo-el-noveno-congreso-internacional-odontologico-en-boca-del-rio-castanon-magana","status":"publish","type":"post","link":"http:\/\/vocesver.com\/noticias\/con-la-presentacion-de-mas-de-300-carteles-cientificos-se-lleva-a-cabo-el-noveno-congreso-internacional-odontologico-en-boca-del-rio-castanon-magana\/","title":{"rendered":"Con la presentaci\u00f3n de m\u00e1s de 300 carteles cient\u00edficos se lleva a cabo el Noveno Congreso Internacional Odontol\u00f3gico en Boca del R\u00edo: Casta\u00f1\u00f3n Maga\u00f1a.\u00a0"},"content":{"rendered":"\n<p><\/p>\n\n\n\n<p>Ausencio Rivera\/Vocesver. com\/noticias<\/p>\n\n\n\n<p>Veracruz, Ver. A 14 de Marzo 2026&#8230; Con la presentaci\u00f3n de m\u00e1s de 300 carteles cient\u00edficos y la participaci\u00f3n de m\u00e1s de 2 mil personas entre docentes, especialistas, investigadores y estudiantes provenientes de distintos pa\u00edses \u00a0del mundo se desarrolla por segundo d\u00eda consecutivo en conocido hotel de Boca del R\u00edo \u00a0el Noveno Congreso Internacional de Alta Especialidad Odontologica\u00bbPremio Veracruz M\u00e9xico 2026&#8243;.Al respecto la Matra. Jessica Casta\u00f1on Maga\u00f1a coordinadora internacional de la Universidad Ceyesov(Centro de Especialidades y Estudios Superiores Odontol\u00f3gicos) destac\u00f3 la importancia de estos congresos ya que se obtienen importantes beneficios para todos los participantes.<\/p>\n","protected":false},"excerpt":{"rendered":"<p>Ausencio Rivera\/Vocesver. com\/noticias Veracruz, Ver. A 14 de Marzo 2026&#8230; Con la presentaci\u00f3n de m\u00e1s de 300 carteles cient\u00edficos y<\/p>\n","protected":false},"author":2,"featured_media":48217,"comment_status":"open","ping_status":"open","sticky":false,"template":"","format":"standard","meta":{"colormag_page_container_layout":"default_layout","colormag_page_sidebar_layout":"default_layout","footnotes":""},"categories":[2],"tags":[],"class_list":["post-48216","post","type-post","status-publish","format-standard","has-post-thumbnail","hentry","category-infogral"],"_links":{"self":[{"href":"http:\/\/vocesver.com\/noticias\/wp-json\/wp\/v2\/posts\/48216","targetHints":{"allow":["GET"]}}],"collection":[{"href":"http:\/\/vocesver.com\/noticias\/wp-json\/wp\/v2\/posts"}],"about":[{"href":"http:\/\/vocesver.com\/noticias\/wp-json\/wp\/v2\/types\/post"}],"author":[{"embeddable":true,"href":"http:\/\/vocesver.com\/noticias\/wp-json\/wp\/v2\/users\/2"}],"replies":[{"embeddable":true,"href":"http:\/\/vocesver.com\/noticias\/wp-json\/wp\/v2\/comments?post=48216"}],"version-history":[{"count":1,"href":"http:\/\/vocesver.com\/noticias\/wp-json\/wp\/v2\/posts\/48216\/revisions"}],"predecessor-version":[{"id":48218,"href":"http:\/\/vocesver.com\/noticias\/wp-json\/wp\/v2\/posts\/48216\/revisions\/48218"}],"wp:featuredmedia":[{"embeddable":true,"href":"http:\/\/vocesver.com\/noticias\/wp-json\/wp\/v2\/media\/48217"}],"wp:attachment":[{"href":"http:\/\/vocesver.com\/noticias\/wp-json\/wp\/v2\/media?parent=48216"}],"wp:term":[{"taxonomy":"category","embeddable":true,"href":"http:\/\/vocesver.com\/noticias\/wp-json\/wp\/v2\/categories?post=48216"},{"taxonomy":"post_tag","embeddable":true,"href":"http:\/\/vocesver.com\/noticias\/wp-json\/wp\/v2\/tags?post=48216"}],"curies":[{"name":"wp","href":"https:\/\/api.w.org\/{rel}","templated":true}]}}