{"id":48204,"date":"2026-03-15T02:35:28","date_gmt":"2026-03-15T02:35:28","guid":{"rendered":"http:\/\/vocesver.com\/noticias\/?p=48204"},"modified":"2026-03-15T02:41:10","modified_gmt":"2026-03-15T02:41:10","slug":"que-se-cancele-convenio-a-empresa-de-alumbrado-publico-por-prestar-un-pesimo-servicio-al-pueblo-de-veracruz-mariscal-martinez","status":"publish","type":"post","link":"http:\/\/vocesver.com\/noticias\/que-se-cancele-convenio-a-empresa-de-alumbrado-publico-por-prestar-un-pesimo-servicio-al-pueblo-de-veracruz-mariscal-martinez\/","title":{"rendered":"Que se cancele convenio a empresa de alumbrado p\u00fablico por prestar un p\u00e9simo servicio al pueblo de Veracruz :Mariscal Mart\u00ednez\u00a0"},"content":{"rendered":"\n<p>Ausencio Rivera\/Vocesver. com\/noticias<\/p>\n\n\n\n<p>Veracruz, Ver.. A 14 de Marzo 2026.. Debido a que existen muchas quejas sobre el deficiente servicio de alumbrado p\u00fablico en las colonias del municipio de Veracruz, el presidente de la Unidad de Barrios y Colonias de este puerto Miguel A. Mariscal Mart\u00ednez se pronunci\u00f3 porque el Ayuntamiento porte\u00f1o cancele el convenio a la empresa que maneja actualmente el alumbrado p\u00fablico y esos recursos se paguen a otra empresa que realmente preste un mejor servicio.<\/p>\n\n\n\n<p>Asimismo anuncio que este lunes encabezar\u00e1 una protesta en el Palacio Municipal para presentar a las autoridades municipales las quejas por escrito de decenas de colonos afectados con el deficiente servicio de alumbrado p\u00fablico. <\/p>\n\n\n\n<p>Dijo que por lo menos unas  ochenta  colonias donde la Unidad de Barrios y Colonias tiene presencia desde hace ya muchos a\u00f1os existe queJas de sus habitantes con el alumbrado p\u00fablico y en otros casos denunci\u00f3 que algunas colonias est\u00e1n a oscuras por fallas en este servicio. Temen ser v\u00edctimas de los amantes de lo ajeno, por ello le dan todo el apoyo a la presidenta municipal Licenciada Rosa Mar\u00eda Hern\u00e1ndez Espejo para que cancele el convenio a esa empresa.<\/p>\n\n\n\n<p><\/p>\n\n\n\n<p><\/p>\n","protected":false},"excerpt":{"rendered":"<p>Ausencio Rivera\/Vocesver. com\/noticias Veracruz, Ver.. A 14 de Marzo 2026.. Debido a que existen muchas quejas sobre el deficiente servicio<\/p>\n","protected":false},"author":2,"featured_media":48205,"comment_status":"open","ping_status":"open","sticky":false,"template":"","format":"standard","meta":{"colormag_page_container_layout":"default_layout","colormag_page_sidebar_layout":"default_layout","footnotes":""},"categories":[2],"tags":[],"class_list":["post-48204","post","type-post","status-publish","format-standard","has-post-thumbnail","hentry","category-infogral"],"_links":{"self":[{"href":"http:\/\/vocesver.com\/noticias\/wp-json\/wp\/v2\/posts\/48204","targetHints":{"allow":["GET"]}}],"collection":[{"href":"http:\/\/vocesver.com\/noticias\/wp-json\/wp\/v2\/posts"}],"about":[{"href":"http:\/\/vocesver.com\/noticias\/wp-json\/wp\/v2\/types\/post"}],"author":[{"embeddable":true,"href":"http:\/\/vocesver.com\/noticias\/wp-json\/wp\/v2\/users\/2"}],"replies":[{"embeddable":true,"href":"http:\/\/vocesver.com\/noticias\/wp-json\/wp\/v2\/comments?post=48204"}],"version-history":[{"count":3,"href":"http:\/\/vocesver.com\/noticias\/wp-json\/wp\/v2\/posts\/48204\/revisions"}],"predecessor-version":[{"id":48209,"href":"http:\/\/vocesver.com\/noticias\/wp-json\/wp\/v2\/posts\/48204\/revisions\/48209"}],"wp:featuredmedia":[{"embeddable":true,"href":"http:\/\/vocesver.com\/noticias\/wp-json\/wp\/v2\/media\/48205"}],"wp:attachment":[{"href":"http:\/\/vocesver.com\/noticias\/wp-json\/wp\/v2\/media?parent=48204"}],"wp:term":[{"taxonomy":"category","embeddable":true,"href":"http:\/\/vocesver.com\/noticias\/wp-json\/wp\/v2\/categories?post=48204"},{"taxonomy":"post_tag","embeddable":true,"href":"http:\/\/vocesver.com\/noticias\/wp-json\/wp\/v2\/tags?post=48204"}],"curies":[{"name":"wp","href":"https:\/\/api.w.org\/{rel}","templated":true}]}}