{"id":48196,"date":"2026-03-14T03:47:37","date_gmt":"2026-03-14T03:47:37","guid":{"rendered":"http:\/\/vocesver.com\/noticias\/?p=48196"},"modified":"2026-03-14T03:50:05","modified_gmt":"2026-03-14T03:50:05","slug":"arranco-en-boca-del-rio-el-noveno-congreso-internacional-de-odontologia","status":"publish","type":"post","link":"http:\/\/vocesver.com\/noticias\/arranco-en-boca-del-rio-el-noveno-congreso-internacional-de-odontologia\/","title":{"rendered":"Arranc\u00f3 en Boca del R\u00edo el Noveno Congreso Internacional de Odontolog\u00eda."},"content":{"rendered":"\n<p><\/p>\n\n\n\n<p>Re\u00fane a m\u00e1s de 2 mil especialistas en la materia.&nbsp;<\/p>\n\n\n\n<p>Ausencio Rivera \/Vocesver. com\/noticias<\/p>\n\n\n\n<p>Veracruz, Ver. A 13 de Marzo 2026.. A partir de este viernes  la Secretaria de Salud del Estado Mariela Hern\u00e1ndez Garc\u00eda inaugur\u00f3 en representaci\u00f3n de la Gobernadora Roc\u00edo Nahle Garc\u00eda el Noveno Congreso Internacional de Odontolog\u00eda que re\u00fane a m\u00e1s de 2 mil especialistas en materia odontol\u00f3gica de M\u00e9xico y de m\u00e1s de 20 pa\u00edses del mundo.<\/p>\n\n\n\n<p>La inauguraci\u00f3n se llev\u00f3 a cabo en el Hotel Galer\u00eda Plaza de Boca del R\u00edo y en presencia del Director General de Ceyesov Ulices Ochoa Valdivia entre otras distinguidas personalidades de los municipios de Veracruz y Boca del R\u00edo. El congreso tendr\u00e1 una duraci\u00f3n de 3 d\u00edas donde se tratar\u00e1n diversos temas relacionados con los avances en la odontolog\u00eda y obviamente habr\u00e1 cursos de capacitaci\u00f3n para quien as\u00ed lo desee.<\/p>\n","protected":false},"excerpt":{"rendered":"<p>Re\u00fane a m\u00e1s de 2 mil especialistas en la materia.&nbsp; Ausencio Rivera \/Vocesver. com\/noticias Veracruz, Ver. A 13 de Marzo<\/p>\n","protected":false},"author":2,"featured_media":48197,"comment_status":"open","ping_status":"open","sticky":false,"template":"","format":"standard","meta":{"colormag_page_container_layout":"default_layout","colormag_page_sidebar_layout":"default_layout","footnotes":""},"categories":[2],"tags":[],"class_list":["post-48196","post","type-post","status-publish","format-standard","has-post-thumbnail","hentry","category-infogral"],"_links":{"self":[{"href":"http:\/\/vocesver.com\/noticias\/wp-json\/wp\/v2\/posts\/48196","targetHints":{"allow":["GET"]}}],"collection":[{"href":"http:\/\/vocesver.com\/noticias\/wp-json\/wp\/v2\/posts"}],"about":[{"href":"http:\/\/vocesver.com\/noticias\/wp-json\/wp\/v2\/types\/post"}],"author":[{"embeddable":true,"href":"http:\/\/vocesver.com\/noticias\/wp-json\/wp\/v2\/users\/2"}],"replies":[{"embeddable":true,"href":"http:\/\/vocesver.com\/noticias\/wp-json\/wp\/v2\/comments?post=48196"}],"version-history":[{"count":2,"href":"http:\/\/vocesver.com\/noticias\/wp-json\/wp\/v2\/posts\/48196\/revisions"}],"predecessor-version":[{"id":48200,"href":"http:\/\/vocesver.com\/noticias\/wp-json\/wp\/v2\/posts\/48196\/revisions\/48200"}],"wp:featuredmedia":[{"embeddable":true,"href":"http:\/\/vocesver.com\/noticias\/wp-json\/wp\/v2\/media\/48197"}],"wp:attachment":[{"href":"http:\/\/vocesver.com\/noticias\/wp-json\/wp\/v2\/media?parent=48196"}],"wp:term":[{"taxonomy":"category","embeddable":true,"href":"http:\/\/vocesver.com\/noticias\/wp-json\/wp\/v2\/categories?post=48196"},{"taxonomy":"post_tag","embeddable":true,"href":"http:\/\/vocesver.com\/noticias\/wp-json\/wp\/v2\/tags?post=48196"}],"curies":[{"name":"wp","href":"https:\/\/api.w.org\/{rel}","templated":true}]}}