{"id":48193,"date":"2026-03-14T03:36:41","date_gmt":"2026-03-14T03:36:41","guid":{"rendered":"http:\/\/vocesver.com\/noticias\/?p=48193"},"modified":"2026-03-14T03:37:14","modified_gmt":"2026-03-14T03:37:14","slug":"ayuntamiento-de-veracruz-e-inah-vinculados-para-el-rescate-del-patrimonio-historico-de-la-ciudad","status":"publish","type":"post","link":"http:\/\/vocesver.com\/noticias\/ayuntamiento-de-veracruz-e-inah-vinculados-para-el-rescate-del-patrimonio-historico-de-la-ciudad\/","title":{"rendered":"*Ayuntamiento de Veracruz e INAH vinculados para el rescate del patrimonio hist\u00f3rico de la ciudad*"},"content":{"rendered":"\n<p>***La alcaldesa Rosa Mar\u00eda Hern\u00e1ndez Espejo impulsa la recuperaci\u00f3n de inmuebles y monumentos hist\u00f3ricos que durante a\u00f1os han permanecido en el abandono.&nbsp;<\/p>\n\n\n\n<p>Ausencio Rivera \/Vocesver. com \/noticias<\/p>\n\n\n\n<p>Veracruz, Ver. Ma 13 de Marzo 2026&nbsp;<\/p>\n\n\n\n<p>Con el esfuerzo coordinado entre el Ayuntamiento de Veracruz y el INAH, se impulsar\u00e1n acciones para proteger y restaurar edificios y monumentos hist\u00f3ricos, generando espacios culturales y ofreciendo seguridad y condiciones favorables para que propietarios inviertan en la rehabilitaci\u00f3n de sus inmuebles.<\/p>\n\n\n\n<p>La alcaldesa Rosa Mar\u00eda Hern\u00e1ndez Espejo se reuni\u00f3 con el titular del Instituto Nacional de Antropolog\u00eda e Historia (INAH) en Veracruz, Fernando Molina Herbert, donde ratificaron su compromiso de dignificar los espacios hist\u00f3ricos que durante a\u00f1os han permanecido en abandono.<\/p>\n\n\n\n<p>Esta administraci\u00f3n municipal mantendr\u00e1 total apertura para trabajar de la mano con el INAH, fomentando la valorizaci\u00f3n del patrimonio y generando condiciones para que m\u00e1s propietarios e inversionistas se animen a rehabilitar sus edificios hist\u00f3ricos.<\/p>\n\n\n\n<p>Como parte de este compromiso, se avanzar\u00e1 en la firma de un convenio de colaboraci\u00f3n que permitir\u00e1 implementar proyectos espec\u00edficos de restauraci\u00f3n y promoci\u00f3n cultural, asegurando certeza institucional y oportunidades concretas de inversi\u00f3n en los edificios hist\u00f3ricos del municipio.<\/p>\n\n\n\n<p>*Ayuntamiento de Veracruz e INAH vinculados para el rescate del patrimonio hist\u00f3rico de la ciudad*<\/p>\n\n\n\n<p>***La alcaldesa Rosa Mar\u00eda Hern\u00e1ndez Espejo impulsa la recuperaci\u00f3n de inmuebles y monumentos hist\u00f3ricos que durante a\u00f1os han permanecido en el abandono.&nbsp;<\/p>\n\n\n\n<p>Ausencio Rivera \/Vocesver. com \/noticias<\/p>\n\n\n\n<p>Veracruz, Ver. Ma 13 de Marzo 2026&nbsp;<\/p>\n\n\n\n<p>Con el esfuerzo coordinado entre el Ayuntamiento de Veracruz y el INAH, se impulsar\u00e1n acciones para proteger y restaurar edificios y monumentos hist\u00f3ricos, generando espacios culturales y ofreciendo seguridad y condiciones favorables para que propietarios inviertan en la rehabilitaci\u00f3n de sus inmuebles.<\/p>\n\n\n\n<p>La alcaldesa Rosa Mar\u00eda Hern\u00e1ndez Espejo se reuni\u00f3 con el titular del Instituto Nacional de Antropolog\u00eda e Historia (INAH) en Veracruz, Fernando Molina Herbert, donde ratificaron su compromiso de dignificar los espacios hist\u00f3ricos que durante a\u00f1os han permanecido en abandono.<\/p>\n\n\n\n<p>Esta administraci\u00f3n municipal mantendr\u00e1 total apertura para trabajar de la mano con el INAH, fomentando la valorizaci\u00f3n del patrimonio y generando condiciones para que m\u00e1s propietarios e inversionistas se animen a rehabilitar sus edificios hist\u00f3ricos.<\/p>\n\n\n\n<p>Como parte de este compromiso, se avanzar\u00e1 en la firma de un convenio de colaboraci\u00f3n que permitir\u00e1 implementar proyectos espec\u00edficos de restauraci\u00f3n y promoci\u00f3n cultural, asegurando certeza institucional y oportunidades concretas de inversi\u00f3n en los edificios hist\u00f3ricos del municipio.<\/p>\n","protected":false},"excerpt":{"rendered":"<p>***La alcaldesa Rosa Mar\u00eda Hern\u00e1ndez Espejo impulsa la recuperaci\u00f3n de inmuebles y monumentos hist\u00f3ricos que durante a\u00f1os han permanecido en<\/p>\n","protected":false},"author":2,"featured_media":48194,"comment_status":"open","ping_status":"open","sticky":false,"template":"","format":"standard","meta":{"colormag_page_container_layout":"default_layout","colormag_page_sidebar_layout":"default_layout","footnotes":""},"categories":[2],"tags":[],"class_list":["post-48193","post","type-post","status-publish","format-standard","has-post-thumbnail","hentry","category-infogral"],"_links":{"self":[{"href":"http:\/\/vocesver.com\/noticias\/wp-json\/wp\/v2\/posts\/48193","targetHints":{"allow":["GET"]}}],"collection":[{"href":"http:\/\/vocesver.com\/noticias\/wp-json\/wp\/v2\/posts"}],"about":[{"href":"http:\/\/vocesver.com\/noticias\/wp-json\/wp\/v2\/types\/post"}],"author":[{"embeddable":true,"href":"http:\/\/vocesver.com\/noticias\/wp-json\/wp\/v2\/users\/2"}],"replies":[{"embeddable":true,"href":"http:\/\/vocesver.com\/noticias\/wp-json\/wp\/v2\/comments?post=48193"}],"version-history":[{"count":1,"href":"http:\/\/vocesver.com\/noticias\/wp-json\/wp\/v2\/posts\/48193\/revisions"}],"predecessor-version":[{"id":48195,"href":"http:\/\/vocesver.com\/noticias\/wp-json\/wp\/v2\/posts\/48193\/revisions\/48195"}],"wp:featuredmedia":[{"embeddable":true,"href":"http:\/\/vocesver.com\/noticias\/wp-json\/wp\/v2\/media\/48194"}],"wp:attachment":[{"href":"http:\/\/vocesver.com\/noticias\/wp-json\/wp\/v2\/media?parent=48193"}],"wp:term":[{"taxonomy":"category","embeddable":true,"href":"http:\/\/vocesver.com\/noticias\/wp-json\/wp\/v2\/categories?post=48193"},{"taxonomy":"post_tag","embeddable":true,"href":"http:\/\/vocesver.com\/noticias\/wp-json\/wp\/v2\/tags?post=48193"}],"curies":[{"name":"wp","href":"https:\/\/api.w.org\/{rel}","templated":true}]}}