{"id":48190,"date":"2026-03-14T03:27:57","date_gmt":"2026-03-14T03:27:57","guid":{"rendered":"http:\/\/vocesver.com\/noticias\/?p=48190"},"modified":"2026-03-14T03:31:46","modified_gmt":"2026-03-14T03:31:46","slug":"anuncian-cierres-viales-por-evento-deportivo-nacional-en-la-ciudad-de-veracruz","status":"publish","type":"post","link":"http:\/\/vocesver.com\/noticias\/anuncian-cierres-viales-por-evento-deportivo-nacional-en-la-ciudad-de-veracruz\/","title":{"rendered":"Anuncian cierres viales por evento deportivo nacional en la ciudad de Veracruz*"},"content":{"rendered":"\n<p><\/p>\n\n\n\n<p>***En playas y principales avenidas se realizar\u00e1 el Selectivo Nacional Clasificatorio de Triatl\u00f3n rumbo a los Juegos CONADE 2026, este fin de semana.<\/p>\n\n\n\n<p>Ausencio Rivera \/Vocesver. com\/noticias<\/p>\n\n\n\n<p>Veracruz, Ver. A 13 de Marzo 2026.&nbsp;<\/p>\n\n\n\n<p>El Ayuntamiento de Veracruz informa a la ciudadan\u00eda que, con motivo del Selectivo Nacional Clasificatorio de Triatl\u00f3n rumbo a los Juegos CONADE 2026, este fin de semana habr\u00e1 cierres viales para garantizar la seguridad de los participantes y el adecuado desarrollo de este evento, en playas y avenidas de la ciudad.<\/p>\n\n\n\n<p>Los cierres se realizar\u00e1n de 04:00 a 16:00 horas en:<\/p>\n\n\n\n<p>&nbsp;\u2022 Bulevar \u00c1vila Camacho, en el tramo comprendido entre las calles Doblado y Xicot\u00e9ncatl.<\/p>\n\n\n\n<p>&nbsp;\u2022 Calle Amado Nervo, en el tramo comprendido entre bulevar \u00c1vila Camacho y Virgilio Uribe.<\/p>\n\n\n\n<p>Estas medidas se implementan para asegurar la integridad de los atletas, entrenadores, personal t\u00e9cnico y asistentes, as\u00ed como la correcta log\u00edstica de la competencia, por lo que se solicita su comprensi\u00f3n y extremar precauciones al circular por esta \u00e1rea.<\/p>\n\n\n\n<p>Asimismo, brigadas municipales contin\u00faan con labores permanentes de limpieza en la zona costera, para garantizar que se encuentre en condiciones \u00f3ptimas y seguras para la realizaci\u00f3n de eventos deportivos que ubican a Veracruz en el escaparate nacional, as\u00ed como para la pr\u00f3xima temporada vacacional de Semana Santa.<\/p>\n","protected":false},"excerpt":{"rendered":"<p>***En playas y principales avenidas se realizar\u00e1 el Selectivo Nacional Clasificatorio de Triatl\u00f3n rumbo a los Juegos CONADE 2026, este<\/p>\n","protected":false},"author":2,"featured_media":48191,"comment_status":"open","ping_status":"open","sticky":false,"template":"","format":"standard","meta":{"colormag_page_container_layout":"default_layout","colormag_page_sidebar_layout":"default_layout","footnotes":""},"categories":[2],"tags":[],"class_list":["post-48190","post","type-post","status-publish","format-standard","has-post-thumbnail","hentry","category-infogral"],"_links":{"self":[{"href":"http:\/\/vocesver.com\/noticias\/wp-json\/wp\/v2\/posts\/48190","targetHints":{"allow":["GET"]}}],"collection":[{"href":"http:\/\/vocesver.com\/noticias\/wp-json\/wp\/v2\/posts"}],"about":[{"href":"http:\/\/vocesver.com\/noticias\/wp-json\/wp\/v2\/types\/post"}],"author":[{"embeddable":true,"href":"http:\/\/vocesver.com\/noticias\/wp-json\/wp\/v2\/users\/2"}],"replies":[{"embeddable":true,"href":"http:\/\/vocesver.com\/noticias\/wp-json\/wp\/v2\/comments?post=48190"}],"version-history":[{"count":1,"href":"http:\/\/vocesver.com\/noticias\/wp-json\/wp\/v2\/posts\/48190\/revisions"}],"predecessor-version":[{"id":48192,"href":"http:\/\/vocesver.com\/noticias\/wp-json\/wp\/v2\/posts\/48190\/revisions\/48192"}],"wp:featuredmedia":[{"embeddable":true,"href":"http:\/\/vocesver.com\/noticias\/wp-json\/wp\/v2\/media\/48191"}],"wp:attachment":[{"href":"http:\/\/vocesver.com\/noticias\/wp-json\/wp\/v2\/media?parent=48190"}],"wp:term":[{"taxonomy":"category","embeddable":true,"href":"http:\/\/vocesver.com\/noticias\/wp-json\/wp\/v2\/categories?post=48190"},{"taxonomy":"post_tag","embeddable":true,"href":"http:\/\/vocesver.com\/noticias\/wp-json\/wp\/v2\/tags?post=48190"}],"curies":[{"name":"wp","href":"https:\/\/api.w.org\/{rel}","templated":true}]}}