{"id":48187,"date":"2026-03-14T03:23:23","date_gmt":"2026-03-14T03:23:23","guid":{"rendered":"http:\/\/vocesver.com\/noticias\/?p=48187"},"modified":"2026-03-14T03:23:37","modified_gmt":"2026-03-14T03:23:37","slug":"suspenderan-cobro-de-parquimetros-el-lunes-16-de-marzo-en-la-ciudad-de-veracruz","status":"publish","type":"post","link":"http:\/\/vocesver.com\/noticias\/suspenderan-cobro-de-parquimetros-el-lunes-16-de-marzo-en-la-ciudad-de-veracruz\/","title":{"rendered":"Suspender\u00e1n cobro de parqu\u00edmetros el lunes 16 de marzo en la ciudad de Veracruz"},"content":{"rendered":"\n<p><\/p>\n\n\n\n<p>Ausncio Rivera\/Vocesver. com\/noticias<\/p>\n\n\n\n<p>Veracruz, Ver. A 13 de Marzo 2026.&nbsp;<\/p>\n\n\n\n<p>La direcci\u00f3n de Tr\u00e1nsito y Vialidad Municipal informa que, con motivo de la conmemoraci\u00f3n del natalicio de Benito Ju\u00e1rez, el pr\u00f3ximo lunes 16 de marzo no se realizar\u00e1 cobro de parqu\u00edmetros en la ciudad de Veracruz.<\/p>\n\n\n\n<p>Lo anterior, debido a que este d\u00eda es considerado de descanso obligatorio de acuerdo a la Ley Federal del Trabajo. El cobro de parqu\u00edmetros se reanudar\u00e1 a partir del martes 17 de marzo, por lo que se exhorta a la ciudadan\u00eda a tomar las debidas precauciones.&nbsp;<\/p>\n\n\n\n<p>Asimismo, cabe recordar que, de manera habitual, los domingos no hay cobro de parqu\u00edmetros.<\/p>\n\n\n\n<p><\/p>\n","protected":false},"excerpt":{"rendered":"<p>Ausncio Rivera\/Vocesver. com\/noticias Veracruz, Ver. A 13 de Marzo 2026.&nbsp; La direcci\u00f3n de Tr\u00e1nsito y Vialidad Municipal informa que, con<\/p>\n","protected":false},"author":2,"featured_media":48188,"comment_status":"open","ping_status":"open","sticky":false,"template":"","format":"standard","meta":{"colormag_page_container_layout":"default_layout","colormag_page_sidebar_layout":"default_layout","footnotes":""},"categories":[2],"tags":[],"class_list":["post-48187","post","type-post","status-publish","format-standard","has-post-thumbnail","hentry","category-infogral"],"_links":{"self":[{"href":"http:\/\/vocesver.com\/noticias\/wp-json\/wp\/v2\/posts\/48187","targetHints":{"allow":["GET"]}}],"collection":[{"href":"http:\/\/vocesver.com\/noticias\/wp-json\/wp\/v2\/posts"}],"about":[{"href":"http:\/\/vocesver.com\/noticias\/wp-json\/wp\/v2\/types\/post"}],"author":[{"embeddable":true,"href":"http:\/\/vocesver.com\/noticias\/wp-json\/wp\/v2\/users\/2"}],"replies":[{"embeddable":true,"href":"http:\/\/vocesver.com\/noticias\/wp-json\/wp\/v2\/comments?post=48187"}],"version-history":[{"count":1,"href":"http:\/\/vocesver.com\/noticias\/wp-json\/wp\/v2\/posts\/48187\/revisions"}],"predecessor-version":[{"id":48189,"href":"http:\/\/vocesver.com\/noticias\/wp-json\/wp\/v2\/posts\/48187\/revisions\/48189"}],"wp:featuredmedia":[{"embeddable":true,"href":"http:\/\/vocesver.com\/noticias\/wp-json\/wp\/v2\/media\/48188"}],"wp:attachment":[{"href":"http:\/\/vocesver.com\/noticias\/wp-json\/wp\/v2\/media?parent=48187"}],"wp:term":[{"taxonomy":"category","embeddable":true,"href":"http:\/\/vocesver.com\/noticias\/wp-json\/wp\/v2\/categories?post=48187"},{"taxonomy":"post_tag","embeddable":true,"href":"http:\/\/vocesver.com\/noticias\/wp-json\/wp\/v2\/tags?post=48187"}],"curies":[{"name":"wp","href":"https:\/\/api.w.org\/{rel}","templated":true}]}}