{"id":48184,"date":"2026-03-14T03:17:05","date_gmt":"2026-03-14T03:17:05","guid":{"rendered":"http:\/\/vocesver.com\/noticias\/?p=48184"},"modified":"2026-03-14T03:17:27","modified_gmt":"2026-03-14T03:17:27","slug":"fortalece-ayuntamiento-de-veracruz-igualdad-de-genero","status":"publish","type":"post","link":"http:\/\/vocesver.com\/noticias\/fortalece-ayuntamiento-de-veracruz-igualdad-de-genero\/","title":{"rendered":"Fortalece Ayuntamiento de Veracruz igualdad de g\u00e9nero."},"content":{"rendered":"\n<p><\/p>\n\n\n\n<p>***Encabeza presidenta municipal de Veracruz Foro \u201cLlegamos Todas\u201d, realizado para difundir la Cartilla de los Derechos de las Mujeres&nbsp;<\/p>\n\n\n\n<p>AUSENCIO RIVERA\/VOCESVER.COM\/NOTICIAS<\/p>\n\n\n\n<p>Veracruz,Ver. a 13 de  Marzo 2026.-En un ambiente de unidad y compromiso social, la presidenta municipal del Ayuntamiento de Veracruz, Rosa Mar\u00eda Hern\u00e1ndez Espejo, encabez\u00f3 esta tarde el Foro \u201cLlegamos Todas\u201d, un encuentro dedicado a la difusi\u00f3n de la Cartilla de los Derechos de las Mujeres y al fortalecimiento de la igualdad de g\u00e9nero.<\/p>\n\n\n\n<p>Durante su mensaje, la alcaldesa enfatiz\u00f3 que el municipio se suma al proyecto de naci\u00f3n que busca erradicar las desigualdades estructurales, y destac\u00f3 el trabajo que est\u00e1n realizando la presidenta Claudia Sheinbaum Pardo y la gobernadora de Veracruz, Roc\u00edo Nahle Garc\u00eda poniendo el nombre en alto del pa\u00eds y el estado.<\/p>\n\n\n\n<p>La alcaldesa hizo un reconocimiento especial a la Secretar\u00eda de las Mujeres por la creaci\u00f3n de la cartilla, la cual detalla 15 derechos fundamentales y busca que cada veracruzana cuente con las herramientas necesarias para vivir una vida libre de violencia y con igualdad de oportunidades.<\/p>\n\n\n\n<p>El foro concluy\u00f3 con un llamado a la acci\u00f3n para mantener la igualdad sustantiva como el eje rector de las pol\u00edticas p\u00fablicas en los tres niveles de gobierno. Con la consigna de que el camino se construye juntas, el Ayuntamiento de Veracruz reafirma su compromiso de ser un aliado permanente de las mujeres en la lucha por sus derechos.<\/p>\n\n\n\n<p><\/p>\n","protected":false},"excerpt":{"rendered":"<p>***Encabeza presidenta municipal de Veracruz Foro \u201cLlegamos Todas\u201d, realizado para difundir la Cartilla de los Derechos de las Mujeres&nbsp; AUSENCIO<\/p>\n","protected":false},"author":2,"featured_media":48185,"comment_status":"open","ping_status":"open","sticky":false,"template":"","format":"standard","meta":{"colormag_page_container_layout":"default_layout","colormag_page_sidebar_layout":"default_layout","footnotes":""},"categories":[2],"tags":[],"class_list":["post-48184","post","type-post","status-publish","format-standard","has-post-thumbnail","hentry","category-infogral"],"_links":{"self":[{"href":"http:\/\/vocesver.com\/noticias\/wp-json\/wp\/v2\/posts\/48184","targetHints":{"allow":["GET"]}}],"collection":[{"href":"http:\/\/vocesver.com\/noticias\/wp-json\/wp\/v2\/posts"}],"about":[{"href":"http:\/\/vocesver.com\/noticias\/wp-json\/wp\/v2\/types\/post"}],"author":[{"embeddable":true,"href":"http:\/\/vocesver.com\/noticias\/wp-json\/wp\/v2\/users\/2"}],"replies":[{"embeddable":true,"href":"http:\/\/vocesver.com\/noticias\/wp-json\/wp\/v2\/comments?post=48184"}],"version-history":[{"count":1,"href":"http:\/\/vocesver.com\/noticias\/wp-json\/wp\/v2\/posts\/48184\/revisions"}],"predecessor-version":[{"id":48186,"href":"http:\/\/vocesver.com\/noticias\/wp-json\/wp\/v2\/posts\/48184\/revisions\/48186"}],"wp:featuredmedia":[{"embeddable":true,"href":"http:\/\/vocesver.com\/noticias\/wp-json\/wp\/v2\/media\/48185"}],"wp:attachment":[{"href":"http:\/\/vocesver.com\/noticias\/wp-json\/wp\/v2\/media?parent=48184"}],"wp:term":[{"taxonomy":"category","embeddable":true,"href":"http:\/\/vocesver.com\/noticias\/wp-json\/wp\/v2\/categories?post=48184"},{"taxonomy":"post_tag","embeddable":true,"href":"http:\/\/vocesver.com\/noticias\/wp-json\/wp\/v2\/tags?post=48184"}],"curies":[{"name":"wp","href":"https:\/\/api.w.org\/{rel}","templated":true}]}}