{"id":48181,"date":"2026-03-14T03:09:27","date_gmt":"2026-03-14T03:09:27","guid":{"rendered":"http:\/\/vocesver.com\/noticias\/?p=48181"},"modified":"2026-03-14T03:10:47","modified_gmt":"2026-03-14T03:10:47","slug":"vigilancia-por-hidrocarburo-y-playas-limpias-para-semana-santa-rocio-nahle","status":"publish","type":"post","link":"http:\/\/vocesver.com\/noticias\/vigilancia-por-hidrocarburo-y-playas-limpias-para-semana-santa-rocio-nahle\/","title":{"rendered":"Vigilancia por hidrocarburo y playas limpias para Semana Santa: Roc\u00edo Nahle."},"content":{"rendered":"\n<p><\/p>\n\n\n\n<p>&gt;Corrientes marinas desplazaron residuos hacia costas veracruzanas.<\/p>\n\n\n\n<p>AUSENCIO RIVERA \/VOCESVER. C0M\/NOTICIAS&nbsp;<\/p>\n\n\n\n<p>&nbsp;Minatitl\u00e1n, Ver., viernes 13 de marzo de 2026.- La gobernadora Roc\u00edo Nahle Garc\u00eda<\/p>\n\n\n\n<p>inform\u00f3 que la Secretar\u00eda de Protecci\u00f3n Civil mantiene vigilancia permanente en el litoral<\/p>\n\n\n\n<p>veracruzano para evaluar posibles desplazamientos de residuos de hidrocarburo detectados<\/p>\n\n\n\n<p>en d\u00edas recientes en playas del sur y centro del estado.<\/p>\n\n\n\n<p>Durante la entrega de tarjetas de Bienpesca, se\u00f1al\u00f3 que, en coordinaci\u00f3n con autoridades<\/p>\n\n\n\n<p>federales y ambientales, el Gobierno de Veracruz trabaja para garantizar playas limpias<\/p>\n\n\n\n<p>rumbo al periodo vacacional de Semana Santa, as\u00ed como condiciones seguras para las<\/p>\n\n\n\n<p>actividades pesqueras.<\/p>\n\n\n\n<p>Record\u00f3 que hace aproximadamente ocho d\u00edas comenzaron a detectarse restos de<\/p>\n\n\n\n<p>hidrocarburo en playas del municipio de Pajapan, lo que activ\u00f3 las alertas y la revisi\u00f3n del<\/p>\n\n\n\n<p>origen del material.<\/p>\n\n\n\n<p>Tras recorridos mar\u00edtimos y monitoreo satelital en un \u00e1rea superior a 500 kil\u00f3metros<\/p>\n\n\n\n<p>cuadrados, Petr\u00f3leos Mexicanos determin\u00f3 que el incidente se origin\u00f3 por el derrame de<\/p>\n\n\n\n<p>una embarcaci\u00f3n privada frente a las costas de S\u00e1nchez Magallanes, en el Golfo de M\u00e9xico.<\/p>\n\n\n\n<p>Aunque el derrame fue contenido en altamar, las corrientes marinas desplazaron residuos<\/p>\n\n\n\n<p>hacia costas veracruzanas.Los restos se han identificado principalmente en Pajapan, con presencia posterior en<\/p>\n\n\n\n<p>Catemaco y Alvarado, donde aparecen como peque\u00f1as gotas sobre la arena que pueden<\/p>\n\n\n\n<p>retirarse con facilidad. Tambi\u00e9n se han reportado trazas menores en Boca del R\u00edo.<\/p>\n\n\n\n<p>Para su atenci\u00f3n se mantiene un operativo coordinado entre la Secretar\u00eda de Medio<\/p>\n\n\n\n<p>Ambiente y Recursos Naturales, la Secretar\u00eda de Marina, Petr\u00f3leos Mexicanos, la Secretar\u00eda<\/p>\n\n\n\n<p>de Protecci\u00f3n Civil y la Procuradur\u00eda Estatal de Protecci\u00f3n al Medio Ambiente, con labores<\/p>\n\n\n\n<p>de monitoreo y limpieza en las zonas afectadas.<\/p>\n\n\n\n<p>Destac\u00f3 adem\u00e1s la participaci\u00f3n de pescadores de la regi\u00f3n, particularmente entre Pajapan<\/p>\n\n\n\n<p>y Catemaco, quienes se han sumado a las brigadas para retirar los residuos de las playas.<\/p>\n\n\n\n<p><\/p>\n","protected":false},"excerpt":{"rendered":"<p>&gt;Corrientes marinas desplazaron residuos hacia costas veracruzanas. AUSENCIO RIVERA \/VOCESVER. C0M\/NOTICIAS&nbsp; &nbsp;Minatitl\u00e1n, Ver., viernes 13 de marzo de 2026.- La<\/p>\n","protected":false},"author":2,"featured_media":48182,"comment_status":"open","ping_status":"open","sticky":false,"template":"","format":"standard","meta":{"colormag_page_container_layout":"default_layout","colormag_page_sidebar_layout":"default_layout","footnotes":""},"categories":[2],"tags":[],"class_list":["post-48181","post","type-post","status-publish","format-standard","has-post-thumbnail","hentry","category-infogral"],"_links":{"self":[{"href":"http:\/\/vocesver.com\/noticias\/wp-json\/wp\/v2\/posts\/48181","targetHints":{"allow":["GET"]}}],"collection":[{"href":"http:\/\/vocesver.com\/noticias\/wp-json\/wp\/v2\/posts"}],"about":[{"href":"http:\/\/vocesver.com\/noticias\/wp-json\/wp\/v2\/types\/post"}],"author":[{"embeddable":true,"href":"http:\/\/vocesver.com\/noticias\/wp-json\/wp\/v2\/users\/2"}],"replies":[{"embeddable":true,"href":"http:\/\/vocesver.com\/noticias\/wp-json\/wp\/v2\/comments?post=48181"}],"version-history":[{"count":1,"href":"http:\/\/vocesver.com\/noticias\/wp-json\/wp\/v2\/posts\/48181\/revisions"}],"predecessor-version":[{"id":48183,"href":"http:\/\/vocesver.com\/noticias\/wp-json\/wp\/v2\/posts\/48181\/revisions\/48183"}],"wp:featuredmedia":[{"embeddable":true,"href":"http:\/\/vocesver.com\/noticias\/wp-json\/wp\/v2\/media\/48182"}],"wp:attachment":[{"href":"http:\/\/vocesver.com\/noticias\/wp-json\/wp\/v2\/media?parent=48181"}],"wp:term":[{"taxonomy":"category","embeddable":true,"href":"http:\/\/vocesver.com\/noticias\/wp-json\/wp\/v2\/categories?post=48181"},{"taxonomy":"post_tag","embeddable":true,"href":"http:\/\/vocesver.com\/noticias\/wp-json\/wp\/v2\/tags?post=48181"}],"curies":[{"name":"wp","href":"https:\/\/api.w.org\/{rel}","templated":true}]}}