{"id":48173,"date":"2026-03-13T13:10:34","date_gmt":"2026-03-13T13:10:34","guid":{"rendered":"http:\/\/vocesver.com\/noticias\/?p=48173"},"modified":"2026-03-13T13:10:57","modified_gmt":"2026-03-13T13:10:57","slug":"playas-de-la-ciudad-de-veracruz-limpias-y-listas-para-semana-santa-2026","status":"publish","type":"post","link":"http:\/\/vocesver.com\/noticias\/playas-de-la-ciudad-de-veracruz-limpias-y-listas-para-semana-santa-2026\/","title":{"rendered":"Playas de la ciudad de Veracruz limpias y listas para Semana Santa 2026"},"content":{"rendered":"\n<p><\/p>\n\n\n\n<p>***Locales y turistas podr\u00e1n disfrutar de un litoral seguro y limpio, con vigilancia intensiva y recorridos terrestres y a\u00e9reos que garantizan espacios en condiciones \u00f3ptimas durante toda la temporada vacacional.<\/p>\n\n\n\n<p>Ausencio Rivera \/Vocesver. com\/noticias<\/p>\n\n\n\n<p>Veracruz, Ver a 12 de Marzo 2026.<\/p>\n\n\n\n<p>A poco m\u00e1s de dos semanas de las vacaciones de Semana Santa 2026, las playas de la ciudad de Veracruz est\u00e1n limpias, seguras y listas para recibir a locales y turistas, con vigilancia y limpieza intensiva, incluyendo recorridos terrestres y a\u00e9reos, sin detecci\u00f3n de contaminantes en el litoral.<\/p>\n\n\n\n<p>El Ayuntamiento de Veracruz, encabezado por la alcaldesa Rosa Mar\u00eda Hern\u00e1ndez Espejo, mantiene un operativo integral para garantizar que las playas permanezcan en condiciones \u00f3ptimas durante la temporada de asueto y fines de semana largos, fortaleciendo el mantenimiento y la atenci\u00f3n a la poblaci\u00f3n y visitantes.<\/p>\n\n\n\n<p>Brigadas diarias recorren los principales puntos de la ciudad, incluyendo cabeza y bajante, as\u00ed como Villa del Mar, Play\u00f3n de Hornos y Regatas, realizando limpieza de arena, recolecci\u00f3n de residuos y monitoreo de infraestructura, mientras coordinan con prestadores de servicios tur\u00edsticos y fomentan la participaci\u00f3n ciudadana en el cuidado del litoral.<\/p>\n\n\n\n<p>En v\u00edsperas de Semana Santa, el Ayuntamiento reitera el llamado a disfrutar de las playas con tranquilidad, respetando las indicaciones de seguridad, participando en el cuidado del litoral y aprovechando los servicios que mantienen los espacios en condiciones \u00f3ptimas para visitantes.<\/p>\n\n\n\n<p>La fuerza de tarea est\u00e1 conformada por la Secretar\u00eda de Marina, Turismo, Protecci\u00f3n Civil Municipal, Medio Ambiente, Limpia P\u00fablica, Bienestar, Gobernaci\u00f3n, Polic\u00eda Municipal, guardavidas y brigadas operativas, quienes trabajan de manera coordinada para garantizar vigilancia constante, atenci\u00f3n inmediata y la calidad de los espacios p\u00fablicos durante toda la temporada vacacional.<\/p>\n","protected":false},"excerpt":{"rendered":"<p>***Locales y turistas podr\u00e1n disfrutar de un litoral seguro y limpio, con vigilancia intensiva y recorridos terrestres y a\u00e9reos que<\/p>\n","protected":false},"author":2,"featured_media":48174,"comment_status":"open","ping_status":"open","sticky":false,"template":"","format":"standard","meta":{"colormag_page_container_layout":"default_layout","colormag_page_sidebar_layout":"default_layout","footnotes":""},"categories":[2],"tags":[],"class_list":["post-48173","post","type-post","status-publish","format-standard","has-post-thumbnail","hentry","category-infogral"],"_links":{"self":[{"href":"http:\/\/vocesver.com\/noticias\/wp-json\/wp\/v2\/posts\/48173","targetHints":{"allow":["GET"]}}],"collection":[{"href":"http:\/\/vocesver.com\/noticias\/wp-json\/wp\/v2\/posts"}],"about":[{"href":"http:\/\/vocesver.com\/noticias\/wp-json\/wp\/v2\/types\/post"}],"author":[{"embeddable":true,"href":"http:\/\/vocesver.com\/noticias\/wp-json\/wp\/v2\/users\/2"}],"replies":[{"embeddable":true,"href":"http:\/\/vocesver.com\/noticias\/wp-json\/wp\/v2\/comments?post=48173"}],"version-history":[{"count":1,"href":"http:\/\/vocesver.com\/noticias\/wp-json\/wp\/v2\/posts\/48173\/revisions"}],"predecessor-version":[{"id":48175,"href":"http:\/\/vocesver.com\/noticias\/wp-json\/wp\/v2\/posts\/48173\/revisions\/48175"}],"wp:featuredmedia":[{"embeddable":true,"href":"http:\/\/vocesver.com\/noticias\/wp-json\/wp\/v2\/media\/48174"}],"wp:attachment":[{"href":"http:\/\/vocesver.com\/noticias\/wp-json\/wp\/v2\/media?parent=48173"}],"wp:term":[{"taxonomy":"category","embeddable":true,"href":"http:\/\/vocesver.com\/noticias\/wp-json\/wp\/v2\/categories?post=48173"},{"taxonomy":"post_tag","embeddable":true,"href":"http:\/\/vocesver.com\/noticias\/wp-json\/wp\/v2\/tags?post=48173"}],"curies":[{"name":"wp","href":"https:\/\/api.w.org\/{rel}","templated":true}]}}