{"id":48170,"date":"2026-03-13T13:07:02","date_gmt":"2026-03-13T13:07:02","guid":{"rendered":"http:\/\/vocesver.com\/noticias\/?p=48170"},"modified":"2026-03-13T13:07:15","modified_gmt":"2026-03-13T13:07:15","slug":"cumbre-tajin-encuentro-con-la-identidad-y-la-herencia-de-los-pueblos-originarios","status":"publish","type":"post","link":"http:\/\/vocesver.com\/noticias\/cumbre-tajin-encuentro-con-la-identidad-y-la-herencia-de-los-pueblos-originarios\/","title":{"rendered":"Cumbre Taj\u00edn, encuentro con la identidad y la herencia de los pueblos originarios."},"content":{"rendered":"\n<p><\/p>\n\n\n\n<p>AUSENCIO RIVERA\/VOCESVER.COM\/NOTICIAS<\/p>\n\n\n\n<p>Xalapa, Ver., jueves 12 de marzo de 2026.- Del 20 al 22 de marzo, Cumbre Taj\u00edn 2026,<\/p>\n\n\n\n<p>Tapaxawan: alegr\u00eda que une culturas, ofrecer\u00e1 una profunda inmersi\u00f3n en la cosmovisi\u00f3n,<\/p>\n\n\n\n<p>las tradiciones y la riqueza espiritual del pueblo totonaca, consolid\u00e1ndose como uno de los<\/p>\n\n\n\n<p>festivales culturales m\u00e1s importantes del mundo.<\/p>\n\n\n\n<p>El Parque Tem\u00e1tico Takilhsukut albergar\u00e1 a pueblos originarios de Veracruz y de todo<\/p>\n\n\n\n<p>M\u00e9xico, y ser\u00e1 el espacio donde convergen tres Patrimonios de la Humanidad, dando forma<\/p>\n\n\n\n<p>a una experiencia cultural \u00fanica.<\/p>\n\n\n\n<p>Las y los visitantes podr\u00e1n participar en sanaciones, curaciones hol\u00edsticas, terapias<\/p>\n\n\n\n<p>tradicionales, talleres, actividades inmersivas, proyecciones de cine, din\u00e1micas l\u00fadicas,<\/p>\n\n\n\n<p>juegos y muestras gastron\u00f3micas. Tambi\u00e9n encontrar\u00e1n stands de Pueblos M\u00e1gicos y una<\/p>\n\n\n\n<p>amplia muestra de la riqueza cultural que fortalece a distintos municipios.<\/p>\n\n\n\n<p>Como cada a\u00f1o, la ceremonia ritual de los Voladores de Papantla continuar\u00e1 maravillando<\/p>\n\n\n\n<p>a las y los espectadores. Reconocida como Patrimonio Cultural Inmaterial de la Humanidad<\/p>\n\n\n\n<p>por la UNESCO, representa uno de los legados vivos m\u00e1s importantes del pueblo totonaco;<\/p>\n\n\n\n<p>combina m\u00fasica, danza y cosmovisi\u00f3n con un profundo sentido espiritual, simbolizando el<\/p>\n\n\n\n<p>equilibrio con la naturaleza y la petici\u00f3n de fertilidad y bienestar comunitario.Cumbre Taj\u00edn ser\u00e1, una vez m\u00e1s, una celebraci\u00f3n del patrimonio vivo y una invitaci\u00f3n a<\/p>\n\n\n\n<p>conocer de cerca la grandeza, la espiritualidad y la vigencia de los pueblos originarios,<\/p>\n\n\n\n<p>reafirmando que Veracruz es un territorio donde convergen tradici\u00f3n, arte e identidad.<\/p>\n\n\n\n<p>Conoce m\u00e1s informaci\u00f3n sobre este festival a trav\u00e9s de las redes sociales<\/p>\n\n\n\n<p>@CumbreTajinOficial. Sigue tambi\u00e9n la cuenta de @SECVERoficial para descubrir todas<\/p>\n\n\n\n<p>las actividades que confirman por qu\u00e9 Veracruz est\u00e1 de moda.<\/p>\n\n\n\n<p>&#8211;<\/p>\n\n\n\n<p><\/p>\n","protected":false},"excerpt":{"rendered":"<p>AUSENCIO RIVERA\/VOCESVER.COM\/NOTICIAS Xalapa, Ver., jueves 12 de marzo de 2026.- Del 20 al 22 de marzo, Cumbre Taj\u00edn 2026, Tapaxawan:<\/p>\n","protected":false},"author":2,"featured_media":48171,"comment_status":"open","ping_status":"open","sticky":false,"template":"","format":"standard","meta":{"colormag_page_container_layout":"default_layout","colormag_page_sidebar_layout":"default_layout","footnotes":""},"categories":[4],"tags":[],"class_list":["post-48170","post","type-post","status-publish","format-standard","has-post-thumbnail","hentry","category-estatal"],"_links":{"self":[{"href":"http:\/\/vocesver.com\/noticias\/wp-json\/wp\/v2\/posts\/48170","targetHints":{"allow":["GET"]}}],"collection":[{"href":"http:\/\/vocesver.com\/noticias\/wp-json\/wp\/v2\/posts"}],"about":[{"href":"http:\/\/vocesver.com\/noticias\/wp-json\/wp\/v2\/types\/post"}],"author":[{"embeddable":true,"href":"http:\/\/vocesver.com\/noticias\/wp-json\/wp\/v2\/users\/2"}],"replies":[{"embeddable":true,"href":"http:\/\/vocesver.com\/noticias\/wp-json\/wp\/v2\/comments?post=48170"}],"version-history":[{"count":1,"href":"http:\/\/vocesver.com\/noticias\/wp-json\/wp\/v2\/posts\/48170\/revisions"}],"predecessor-version":[{"id":48172,"href":"http:\/\/vocesver.com\/noticias\/wp-json\/wp\/v2\/posts\/48170\/revisions\/48172"}],"wp:featuredmedia":[{"embeddable":true,"href":"http:\/\/vocesver.com\/noticias\/wp-json\/wp\/v2\/media\/48171"}],"wp:attachment":[{"href":"http:\/\/vocesver.com\/noticias\/wp-json\/wp\/v2\/media?parent=48170"}],"wp:term":[{"taxonomy":"category","embeddable":true,"href":"http:\/\/vocesver.com\/noticias\/wp-json\/wp\/v2\/categories?post=48170"},{"taxonomy":"post_tag","embeddable":true,"href":"http:\/\/vocesver.com\/noticias\/wp-json\/wp\/v2\/tags?post=48170"}],"curies":[{"name":"wp","href":"https:\/\/api.w.org\/{rel}","templated":true}]}}