{"id":48167,"date":"2026-03-13T12:56:25","date_gmt":"2026-03-13T12:56:25","guid":{"rendered":"http:\/\/vocesver.com\/noticias\/?p=48167"},"modified":"2026-03-13T12:58:19","modified_gmt":"2026-03-13T12:58:19","slug":"empene-mi-palabra-y-aqui-estamos-rocio-nahle-entrega-recursos-directos-para-emprendedores","status":"publish","type":"post","link":"http:\/\/vocesver.com\/noticias\/empene-mi-palabra-y-aqui-estamos-rocio-nahle-entrega-recursos-directos-para-emprendedores\/","title":{"rendered":"Empe\u00f1\u00e9 mi palabra y aqu\u00ed estamos: Roc\u00edo Nahle entrega recursos directos para emprendedores."},"content":{"rendered":"\n<p><\/p>\n\n\n\n<p><\/p>\n\n\n\n<p><\/p>\n\n\n\n<p>&gt;Ocho de cada diez beneficiarios de Apoyo a la Palabra son mujeres emprendedoras.<\/p>\n\n\n\n<p>&gt;Familias de la regi\u00f3n recibieron equipamiento dom\u00e9stico, talleres productivos y<\/p>\n\n\n\n<p>beneficios sociales.<\/p>\n\n\n\n<p>Ausencio Rivera \/Vocesver. com\/noticias&nbsp;<\/p>\n\n\n\n<p>Ixhuatlancillo, Ver., jueves 12 de marzo de 2026.- \u201cEsto representa mucho m\u00e1s que un<\/p>\n\n\n\n<p>material; representa tranquilidad para nuestras familias. Gracias por mirar hacia nuestras<\/p>\n\n\n\n<p>comunidades y por demostrar con hechos que no estamos solos\u201d, expres\u00f3 Victoria Flores<\/p>\n\n\n\n<p>Valdez al recibir de manos de la gobernadora Roc\u00edo Nahle Garc\u00eda la orden de pago con la<\/p>\n\n\n\n<p>que impulsar\u00e1 su negocio de elaboraci\u00f3n de vestidos tradicionales.<\/p>\n\n\n\n<p>En esta regi\u00f3n de las Altas Monta\u00f1as, con importante poblaci\u00f3n ind\u00edgena, la Gobernadora<\/p>\n\n\n\n<p>encabez\u00f3 la entrega de mil 30 \u00f3rdenes de pago del programa Apoyo a la Palabra, de la<\/p>\n\n\n\n<p>Secretar\u00eda de Desarrollo Social, as\u00ed como 16 mil 184 enseres y talleres del programa Apoyo<\/p>\n\n\n\n<p>a la Familia, del Sistema para el Desarrollo Integral de la Familia del Estado de Veracruz,<\/p>\n\n\n\n<p>en beneficio de habitantes de Ixhuatlancillo, Ixtaczoquitl\u00e1n, Mariano Escobedo, Nogales,<\/p>\n\n\n\n<p>Orizaba, R\u00edo Blanco, Camerino Z. Mendoza, Huiloapan y La Perla.<\/p>\n\n\n\n<p>Destac\u00f3 que ocho de cada diez beneficiarios son mujeres y que este a\u00f1o el recurso para<\/p>\n\n\n\n<p>emprendedores cuenta con una inversi\u00f3n estatal de 200 millones de pesos, el doble que<\/p>\n\n\n\n<p>en 2025, con el objetivo de ampliar su alcance en m\u00e1s municipios.\u201cEs para todos, porque esa es la diferencia de un movimiento transformador: cuando<\/p>\n\n\n\n<p>decimos que llegan las mujeres, llegamos todas, y eso debe reflejarse en hechos\u201d, expres\u00f3.<\/p>\n\n\n\n<p>En paralelo, a trav\u00e9s del DIF Estatal se entregaron talleres productivos comunitarios y<\/p>\n\n\n\n<p>equipamiento, entre ellos nueve de panader\u00eda y reposter\u00eda, once de costura, once de<\/p>\n\n\n\n<p>bordado, tres de carpinter\u00eda y tres de cocina, adem\u00e1s de 152 refrigeradores, cobijas,<\/p>\n\n\n\n<p>tinacos, despensas y apoyos funcionales como sillas de ruedas, aparatos auditivos y lentes<\/p>\n\n\n\n<p>para quienes lo requieran.<\/p>\n\n\n\n<p>Tambi\u00e9n inform\u00f3 que cumpli\u00f3 un compromiso realizado en campa\u00f1a con habitantes de<\/p>\n\n\n\n<p>La Perla, donde este d\u00eda inici\u00f3 la entrega de mochilas y \u00fatiles escolares para estudiantes<\/p>\n\n\n\n<p>de preescolar y primaria, como parte de la estrategia Transformando la Educaci\u00f3n.<\/p>\n\n\n\n<p>Acompa\u00f1aron a la Gobernadora autoridades estatales y municipales, entre ellas el<\/p>\n\n\n\n<p>secretario de Gobierno, Ricardo Ahued Bardahuil; la secretaria de Desarrollo Social,<\/p>\n\n\n\n<p>Margarita Santopietro Peralta; la directora general del Sistema para el Desarrollo Integral<\/p>\n\n\n\n<p>de la Familia, Clara Mora Ju\u00e1rez; as\u00ed como legisladoras locales y beneficiarias de los<\/p>\n\n\n\n<p>programas sociales de la regi\u00f3n.<\/p>\n\n\n\n<p><\/p>\n","protected":false},"excerpt":{"rendered":"<p>&gt;Ocho de cada diez beneficiarios de Apoyo a la Palabra son mujeres emprendedoras. &gt;Familias de la regi\u00f3n recibieron equipamiento dom\u00e9stico,<\/p>\n","protected":false},"author":2,"featured_media":48168,"comment_status":"open","ping_status":"open","sticky":false,"template":"","format":"standard","meta":{"colormag_page_container_layout":"default_layout","colormag_page_sidebar_layout":"default_layout","footnotes":""},"categories":[4],"tags":[],"class_list":["post-48167","post","type-post","status-publish","format-standard","has-post-thumbnail","hentry","category-estatal"],"_links":{"self":[{"href":"http:\/\/vocesver.com\/noticias\/wp-json\/wp\/v2\/posts\/48167","targetHints":{"allow":["GET"]}}],"collection":[{"href":"http:\/\/vocesver.com\/noticias\/wp-json\/wp\/v2\/posts"}],"about":[{"href":"http:\/\/vocesver.com\/noticias\/wp-json\/wp\/v2\/types\/post"}],"author":[{"embeddable":true,"href":"http:\/\/vocesver.com\/noticias\/wp-json\/wp\/v2\/users\/2"}],"replies":[{"embeddable":true,"href":"http:\/\/vocesver.com\/noticias\/wp-json\/wp\/v2\/comments?post=48167"}],"version-history":[{"count":1,"href":"http:\/\/vocesver.com\/noticias\/wp-json\/wp\/v2\/posts\/48167\/revisions"}],"predecessor-version":[{"id":48169,"href":"http:\/\/vocesver.com\/noticias\/wp-json\/wp\/v2\/posts\/48167\/revisions\/48169"}],"wp:featuredmedia":[{"embeddable":true,"href":"http:\/\/vocesver.com\/noticias\/wp-json\/wp\/v2\/media\/48168"}],"wp:attachment":[{"href":"http:\/\/vocesver.com\/noticias\/wp-json\/wp\/v2\/media?parent=48167"}],"wp:term":[{"taxonomy":"category","embeddable":true,"href":"http:\/\/vocesver.com\/noticias\/wp-json\/wp\/v2\/categories?post=48167"},{"taxonomy":"post_tag","embeddable":true,"href":"http:\/\/vocesver.com\/noticias\/wp-json\/wp\/v2\/tags?post=48167"}],"curies":[{"name":"wp","href":"https:\/\/api.w.org\/{rel}","templated":true}]}}