{"id":48164,"date":"2026-03-13T12:52:04","date_gmt":"2026-03-13T12:52:04","guid":{"rendered":"http:\/\/vocesver.com\/noticias\/?p=48164"},"modified":"2026-03-13T12:52:18","modified_gmt":"2026-03-13T12:52:18","slug":"bomberos-y-pc-municipal-de-veracruz-atienden-incendio-de-pastizal-en-zona-poniente-de-la-ciudad","status":"publish","type":"post","link":"http:\/\/vocesver.com\/noticias\/bomberos-y-pc-municipal-de-veracruz-atienden-incendio-de-pastizal-en-zona-poniente-de-la-ciudad\/","title":{"rendered":"Bomberos y PC municipal de Veracruz atienden incendio de pastizal en zona poniente de la ciudad."},"content":{"rendered":"\n<p><\/p>\n\n\n\n<p>***Previamente sofocaron otros siniestros en predios cercanos al Nuevo Veracruz y El Vergel&nbsp;<\/p>\n\n\n\n<p>Ausencio Rivera \/Vocesver. com\/noticias<\/p>\n\n\n\n<p>Veracruz, Ver. A 12 de Marzo 2026&nbsp;<\/p>\n\n\n\n<p>Elementos del Heroico Cuerpo de Bomberos y de PC municipal de Veracruz atienden un incendio de pastizal ubicado cerca de los fraccionamientos Residencial del Bosque, El Cortijo y Ruba. Las unidades de emergencia se mantienen en el sitio desde hace varias horas, realizando labores de control y sofocaci\u00f3n del fuego, el cual se encuentra bajo control. &nbsp; &nbsp; &nbsp; &nbsp; &nbsp; &nbsp; &nbsp; &nbsp; &nbsp; &nbsp; &nbsp; &nbsp; &nbsp; &nbsp; &nbsp; &nbsp; &nbsp; &nbsp; &nbsp; &nbsp; &nbsp; &nbsp; &nbsp; &nbsp; &nbsp; &nbsp;<\/p>\n\n\n\n<p>Previamente, las fuerzas de tarea sofocaron totalmente otro incendio de pastizal y quema de basura registrado en la colonia Lomas del Vergel y la zona de Nuevo Veracruz, sin que se reportaran personas lesionadas.<\/p>\n\n\n\n<p>El Ayuntamiento de Veracruz exhorta a la poblaci\u00f3n a mantener la calma y evitar acercarse al \u00e1rea para no entorpecer las labores de los cuerpos de emergencia. Se continuar\u00e1 informando sobre el avance de las acciones.<\/p>\n\n\n\n<p><\/p>\n","protected":false},"excerpt":{"rendered":"<p>***Previamente sofocaron otros siniestros en predios cercanos al Nuevo Veracruz y El Vergel&nbsp; Ausencio Rivera \/Vocesver. com\/noticias Veracruz, Ver. A<\/p>\n","protected":false},"author":2,"featured_media":48165,"comment_status":"open","ping_status":"open","sticky":false,"template":"","format":"standard","meta":{"colormag_page_container_layout":"default_layout","colormag_page_sidebar_layout":"default_layout","footnotes":""},"categories":[2],"tags":[],"class_list":["post-48164","post","type-post","status-publish","format-standard","has-post-thumbnail","hentry","category-infogral"],"_links":{"self":[{"href":"http:\/\/vocesver.com\/noticias\/wp-json\/wp\/v2\/posts\/48164","targetHints":{"allow":["GET"]}}],"collection":[{"href":"http:\/\/vocesver.com\/noticias\/wp-json\/wp\/v2\/posts"}],"about":[{"href":"http:\/\/vocesver.com\/noticias\/wp-json\/wp\/v2\/types\/post"}],"author":[{"embeddable":true,"href":"http:\/\/vocesver.com\/noticias\/wp-json\/wp\/v2\/users\/2"}],"replies":[{"embeddable":true,"href":"http:\/\/vocesver.com\/noticias\/wp-json\/wp\/v2\/comments?post=48164"}],"version-history":[{"count":1,"href":"http:\/\/vocesver.com\/noticias\/wp-json\/wp\/v2\/posts\/48164\/revisions"}],"predecessor-version":[{"id":48166,"href":"http:\/\/vocesver.com\/noticias\/wp-json\/wp\/v2\/posts\/48164\/revisions\/48166"}],"wp:featuredmedia":[{"embeddable":true,"href":"http:\/\/vocesver.com\/noticias\/wp-json\/wp\/v2\/media\/48165"}],"wp:attachment":[{"href":"http:\/\/vocesver.com\/noticias\/wp-json\/wp\/v2\/media?parent=48164"}],"wp:term":[{"taxonomy":"category","embeddable":true,"href":"http:\/\/vocesver.com\/noticias\/wp-json\/wp\/v2\/categories?post=48164"},{"taxonomy":"post_tag","embeddable":true,"href":"http:\/\/vocesver.com\/noticias\/wp-json\/wp\/v2\/tags?post=48164"}],"curies":[{"name":"wp","href":"https:\/\/api.w.org\/{rel}","templated":true}]}}