{"id":48161,"date":"2026-03-13T12:48:54","date_gmt":"2026-03-13T12:48:54","guid":{"rendered":"http:\/\/vocesver.com\/noticias\/?p=48161"},"modified":"2026-03-13T12:49:09","modified_gmt":"2026-03-13T12:49:09","slug":"48161-2","status":"publish","type":"post","link":"http:\/\/vocesver.com\/noticias\/48161-2\/","title":{"rendered":""},"content":{"rendered":"\n<p>!!! Fuera del Congreso de la Uni\u00f3n partidos \u00abremoras\u00bb por traicionar al pueblo!!:ETP<\/p>\n\n\n\n<p>Ausncio Rivera\/Vocesver. com\/noticias<\/p>\n\n\n\n<p>Veracruz, Ver.. A 12 de Marzo 2026.. Luego de \u00a0quedar de manifiesto que algunos \u00bb legisladores\u00bb mal llamados representantes populares traicionaron este \u00a0mi\u00e9rcoles al pueblo al votar en contra de la reforma electoral presentada por la presidenta Claudia Sheinbaum Pardo, el presidente estatal de la Agrupaci\u00f3n Pol\u00edtica Social Sentimientos de la Naci\u00f3n licenciado Evirilio Tamariz Pimentel \u00a0se pronunci\u00f3 en contra de los partidos \u00abremoras\u00bbque solo ven por sus intereses y la de sus dirigentes.<\/p>\n\n\n\n<p><\/p>\n","protected":false},"excerpt":{"rendered":"<p>!!! Fuera del Congreso de la Uni\u00f3n partidos \u00abremoras\u00bb por traicionar al pueblo!!:ETP Ausncio Rivera\/Vocesver. com\/noticias Veracruz, Ver.. A 12<\/p>\n","protected":false},"author":2,"featured_media":48162,"comment_status":"open","ping_status":"open","sticky":false,"template":"","format":"standard","meta":{"colormag_page_container_layout":"default_layout","colormag_page_sidebar_layout":"default_layout","footnotes":""},"categories":[2],"tags":[],"class_list":["post-48161","post","type-post","status-publish","format-standard","has-post-thumbnail","hentry","category-infogral"],"_links":{"self":[{"href":"http:\/\/vocesver.com\/noticias\/wp-json\/wp\/v2\/posts\/48161","targetHints":{"allow":["GET"]}}],"collection":[{"href":"http:\/\/vocesver.com\/noticias\/wp-json\/wp\/v2\/posts"}],"about":[{"href":"http:\/\/vocesver.com\/noticias\/wp-json\/wp\/v2\/types\/post"}],"author":[{"embeddable":true,"href":"http:\/\/vocesver.com\/noticias\/wp-json\/wp\/v2\/users\/2"}],"replies":[{"embeddable":true,"href":"http:\/\/vocesver.com\/noticias\/wp-json\/wp\/v2\/comments?post=48161"}],"version-history":[{"count":1,"href":"http:\/\/vocesver.com\/noticias\/wp-json\/wp\/v2\/posts\/48161\/revisions"}],"predecessor-version":[{"id":48163,"href":"http:\/\/vocesver.com\/noticias\/wp-json\/wp\/v2\/posts\/48161\/revisions\/48163"}],"wp:featuredmedia":[{"embeddable":true,"href":"http:\/\/vocesver.com\/noticias\/wp-json\/wp\/v2\/media\/48162"}],"wp:attachment":[{"href":"http:\/\/vocesver.com\/noticias\/wp-json\/wp\/v2\/media?parent=48161"}],"wp:term":[{"taxonomy":"category","embeddable":true,"href":"http:\/\/vocesver.com\/noticias\/wp-json\/wp\/v2\/categories?post=48161"},{"taxonomy":"post_tag","embeddable":true,"href":"http:\/\/vocesver.com\/noticias\/wp-json\/wp\/v2\/tags?post=48161"}],"curies":[{"name":"wp","href":"https:\/\/api.w.org\/{rel}","templated":true}]}}