{"id":48152,"date":"2026-03-12T13:01:42","date_gmt":"2026-03-12T13:01:42","guid":{"rendered":"http:\/\/vocesver.com\/noticias\/?p=48152"},"modified":"2026-03-12T13:02:48","modified_gmt":"2026-03-12T13:02:48","slug":"habilita-ayuntamiento-de-veracruz-espacios-para-motocicletas-en-el-centro-historico","status":"publish","type":"post","link":"http:\/\/vocesver.com\/noticias\/habilita-ayuntamiento-de-veracruz-espacios-para-motocicletas-en-el-centro-historico\/","title":{"rendered":"Habilita Ayuntamiento de Veracruz espacios para motocicletas en el Centro Hist\u00f3rico."},"content":{"rendered":"\n<p><\/p>\n\n\n\n<p>Ausencio Rivera \/Vocesver. com\/noticias<\/p>\n\n\n\n<p>Veracruz, Ver. 11 de Marzo 2026.&nbsp;<\/p>\n\n\n\n<p>El Ayuntamiento de Veracruz habilitar\u00e1 nuevos espacios exclusivos y gratuitos para motocicletas en el Centro Hist\u00f3rico, como parte de las acciones para ordenar el uso del espacio p\u00fablico, mejorar la movilidad y fortalecer la convivencia entre peatones y conductores que diariamente transitan por el primer cuadro de la ciudad.<\/p>\n\n\n\n<p>En ese sentido, esta medida se implementa por instrucci\u00f3n de la alcaldesa de Veracruz, Rosa Mar\u00eda Hern\u00e1ndez Espejo, quien dispuso ampliar las \u00e1reas destinadas al estacionamiento de motocicletas, con el objetivo de ofrecer a los conductores espacios seguros y evitar que estas unidades se coloquen en banquetas, andadores o zonas no permitidas.<\/p>\n\n\n\n<p>Asimismo, el \u00e1rea de Parqu\u00edmetros trabaja en la se\u00f1alizaci\u00f3n y adecuaci\u00f3n de los nuevos cajones de estacionamiento. Actualmente existen 70 espacios para motocicletas en el Centro Hist\u00f3rico y durante estos d\u00edas se habilitan otros 70 m\u00e1s, con lo que se duplicar\u00e1 la capacidad disponible para este tipo de veh\u00edculos.<\/p>\n\n\n\n<p>Los espacios estar\u00e1n ubicados en distintos puntos del Centro Hist\u00f3rico, entre ellos Hidalgo entre Cort\u00e9s y Juan Soto; Mario Molina y Cinco de Mayo; Serd\u00e1n y Cinco de Mayo; Mariano Arista esquina Cinco de Mayo; Esteban Morales esquina Cinco de Mayo; Francisco Canal esquina Independencia; Aquiles Serd\u00e1n esquina Independencia y Mario Molina entre Independencia y Zaragoza.<\/p>\n","protected":false},"excerpt":{"rendered":"<p>Ausencio Rivera \/Vocesver. com\/noticias Veracruz, Ver. 11 de Marzo 2026.&nbsp; El Ayuntamiento de Veracruz habilitar\u00e1 nuevos espacios exclusivos y gratuitos<\/p>\n","protected":false},"author":2,"featured_media":48153,"comment_status":"open","ping_status":"open","sticky":false,"template":"","format":"standard","meta":{"colormag_page_container_layout":"default_layout","colormag_page_sidebar_layout":"default_layout","footnotes":""},"categories":[2],"tags":[],"class_list":["post-48152","post","type-post","status-publish","format-standard","has-post-thumbnail","hentry","category-infogral"],"_links":{"self":[{"href":"http:\/\/vocesver.com\/noticias\/wp-json\/wp\/v2\/posts\/48152","targetHints":{"allow":["GET"]}}],"collection":[{"href":"http:\/\/vocesver.com\/noticias\/wp-json\/wp\/v2\/posts"}],"about":[{"href":"http:\/\/vocesver.com\/noticias\/wp-json\/wp\/v2\/types\/post"}],"author":[{"embeddable":true,"href":"http:\/\/vocesver.com\/noticias\/wp-json\/wp\/v2\/users\/2"}],"replies":[{"embeddable":true,"href":"http:\/\/vocesver.com\/noticias\/wp-json\/wp\/v2\/comments?post=48152"}],"version-history":[{"count":1,"href":"http:\/\/vocesver.com\/noticias\/wp-json\/wp\/v2\/posts\/48152\/revisions"}],"predecessor-version":[{"id":48154,"href":"http:\/\/vocesver.com\/noticias\/wp-json\/wp\/v2\/posts\/48152\/revisions\/48154"}],"wp:featuredmedia":[{"embeddable":true,"href":"http:\/\/vocesver.com\/noticias\/wp-json\/wp\/v2\/media\/48153"}],"wp:attachment":[{"href":"http:\/\/vocesver.com\/noticias\/wp-json\/wp\/v2\/media?parent=48152"}],"wp:term":[{"taxonomy":"category","embeddable":true,"href":"http:\/\/vocesver.com\/noticias\/wp-json\/wp\/v2\/categories?post=48152"},{"taxonomy":"post_tag","embeddable":true,"href":"http:\/\/vocesver.com\/noticias\/wp-json\/wp\/v2\/tags?post=48152"}],"curies":[{"name":"wp","href":"https:\/\/api.w.org\/{rel}","templated":true}]}}