{"id":48149,"date":"2026-03-12T12:58:29","date_gmt":"2026-03-12T12:58:29","guid":{"rendered":"http:\/\/vocesver.com\/noticias\/?p=48149"},"modified":"2026-03-12T12:58:42","modified_gmt":"2026-03-12T12:58:42","slug":"veracruz-da-seguimiento-a-agenda-de-alfabetizacion-en-el-sur-sureste","status":"publish","type":"post","link":"http:\/\/vocesver.com\/noticias\/veracruz-da-seguimiento-a-agenda-de-alfabetizacion-en-el-sur-sureste\/","title":{"rendered":"Veracruz da seguimiento a agenda de alfabetizaci\u00f3n en el sur-sureste."},"content":{"rendered":"\n<p><\/p>\n\n\n\n<p>Ausencio Rivera \/Vocesver. com\/noticias&nbsp;<\/p>\n\n\n\n<p>Xalapa, Ver., mi\u00e9rcoles 11 de marzo de 2026.- En Veracruz, reducir el analfabetismo a<\/p>\n\n\n\n<p>menos del cuatro por ciento en la poblaci\u00f3n mayor de 15 a\u00f1os es una prioridad del<\/p>\n\n\n\n<p>Gobierno del Estado. Como parte de este objetivo, autoridades educativas dieron<\/p>\n\n\n\n<p>seguimiento a las acciones de alfabetizaci\u00f3n que se impulsan en la regi\u00f3n sur-sureste del<\/p>\n\n\n\n<p>pa\u00eds.<\/p>\n\n\n\n<p>En este marco, la titular de la Secretar\u00eda de Educaci\u00f3n de Veracruz, Claudia Tello<\/p>\n\n\n\n<p>Espinosa, se reuni\u00f3 con el director general del Instituto Nacional para la Educaci\u00f3n de<\/p>\n\n\n\n<p>los Adultos, Armando Contreras Castillo, y el secretario de Educaci\u00f3n de Yucat\u00e1n, Juan<\/p>\n\n\n\n<p>Enrique Balam V\u00e1rguez.<\/p>\n\n\n\n<p>Revisaron los avances y retos en la atenci\u00f3n del rezago educativo, as\u00ed como estrategias<\/p>\n\n\n\n<p>para fortalecer la alfabetizaci\u00f3n de personas j\u00f3venes y adultas y ampliar la cobertura de<\/p>\n\n\n\n<p>los servicios educativos en la regi\u00f3n.<\/p>\n\n\n\n<p>Asimismo, se acord\u00f3 mantener la coordinaci\u00f3n entre la federaci\u00f3n y los estados para<\/p>\n\n\n\n<p>fortalecer las acciones dirigidas a la poblaci\u00f3n que no sabe leer ni escribir.<\/p>\n\n\n\n<p>Tambi\u00e9n participaron las directoras de los Institutos Estatales de Educaci\u00f3n para los<\/p>\n\n\n\n<p>Adultos de Veracruz y Yucat\u00e1n, Claudia Aguilar Reyes y Gladys Ang\u00e9lica Uc Echeverr\u00eda,<\/p>\n\n\n\n<p>respectivamente.<\/p>\n\n\n\n<p><\/p>\n","protected":false},"excerpt":{"rendered":"<p>Ausencio Rivera \/Vocesver. com\/noticias&nbsp; Xalapa, Ver., mi\u00e9rcoles 11 de marzo de 2026.- En Veracruz, reducir el analfabetismo a menos del<\/p>\n","protected":false},"author":2,"featured_media":48150,"comment_status":"open","ping_status":"open","sticky":false,"template":"","format":"standard","meta":{"colormag_page_container_layout":"default_layout","colormag_page_sidebar_layout":"default_layout","footnotes":""},"categories":[4],"tags":[],"class_list":["post-48149","post","type-post","status-publish","format-standard","has-post-thumbnail","hentry","category-estatal"],"_links":{"self":[{"href":"http:\/\/vocesver.com\/noticias\/wp-json\/wp\/v2\/posts\/48149","targetHints":{"allow":["GET"]}}],"collection":[{"href":"http:\/\/vocesver.com\/noticias\/wp-json\/wp\/v2\/posts"}],"about":[{"href":"http:\/\/vocesver.com\/noticias\/wp-json\/wp\/v2\/types\/post"}],"author":[{"embeddable":true,"href":"http:\/\/vocesver.com\/noticias\/wp-json\/wp\/v2\/users\/2"}],"replies":[{"embeddable":true,"href":"http:\/\/vocesver.com\/noticias\/wp-json\/wp\/v2\/comments?post=48149"}],"version-history":[{"count":1,"href":"http:\/\/vocesver.com\/noticias\/wp-json\/wp\/v2\/posts\/48149\/revisions"}],"predecessor-version":[{"id":48151,"href":"http:\/\/vocesver.com\/noticias\/wp-json\/wp\/v2\/posts\/48149\/revisions\/48151"}],"wp:featuredmedia":[{"embeddable":true,"href":"http:\/\/vocesver.com\/noticias\/wp-json\/wp\/v2\/media\/48150"}],"wp:attachment":[{"href":"http:\/\/vocesver.com\/noticias\/wp-json\/wp\/v2\/media?parent=48149"}],"wp:term":[{"taxonomy":"category","embeddable":true,"href":"http:\/\/vocesver.com\/noticias\/wp-json\/wp\/v2\/categories?post=48149"},{"taxonomy":"post_tag","embeddable":true,"href":"http:\/\/vocesver.com\/noticias\/wp-json\/wp\/v2\/tags?post=48149"}],"curies":[{"name":"wp","href":"https:\/\/api.w.org\/{rel}","templated":true}]}}